{"id":96,"date":"2024-08-04T17:54:54","date_gmt":"2024-08-04T15:54:54","guid":{"rendered":"https:\/\/antikriegkoeln.noblogs.org\/?p=96"},"modified":"2024-09-17T18:17:52","modified_gmt":"2024-09-17T16:17:52","slug":"antimilitaritstischer-september-kriegstreiber-entwaffnen","status":"publish","type":"post","link":"https:\/\/antikriegkoeln.noblogs.org\/?p=96","title":{"rendered":"Antimilitaristischer September &#8211; Kriegstreiber entwaffnen"},"content":{"rendered":"<p>Im September ist einiges los:<\/p>\n<p>Am 1. September ist der Antikriegstag. Zu diesem Anlass organisiert das <a href=\"https:\/\/koelner-friedensforum.org\/antikriegstag-1-9-2024-international-solidarisch-friedensfaehig-statt-kriegstuechtig\/\">Friedensforum K\u00f6ln<\/a> eine Demonstration unter dem Titel &#8222;International solidarisch &#8211; Friedensf\u00e4hig statt kriegst\u00fcchtig&#8220; an der wir uns mit einem antimilitaristischen Block beteiligen werden.<\/p>\n<p>Am 2. September ist dann wieder unser offenes Treffen, bei dem wir uns weiter damit au\u00dfeinandersetzen, wie wir gemeinsam antimilitaristische Praxis organisieren k\u00f6nnen.<\/p>\n<p>Vom 3. bis zum 8. September findet dann das <a href=\"https:\/\/rheinmetallentwaffnen.noblogs.org\/\">Rheinmetall entwaffnen<\/a> Camp in Kiel statt. Auf dem Camp wird es Workshops, Diskussionen und Vortr\u00e4ge geben. Dazu wird es die ganze Woche Aktionen gegen die R\u00fcstungsindustrie und eine Gro\u00dfdemonstration am Samstag geben. Auch aus K\u00f6ln wollen wir nach Kiel anreisen.<\/p>\n<p>Um all diese Sachen zu besprechen und konkrete Infos f\u00fcr die Anreise nach Kiel zu teilen, wird es am Mittwoch, den 14. August eine Info und Mobiveranstaltung im Linken Zentrum geben.<\/p>\n<p>Kommt zahlreich und lasst uns gemeinsam den Kriegstreibern in Milit\u00e4r, Wirtschaft und Politik den Kampf ansagen!<\/p>\n<p><img loading=\"lazy\" decoding=\"async\" class=\"alignnone size-medium wp-image-98\" src=\"https:\/\/antikriegkoeln.noblogs.org\/files\/2024\/08\/september2-240x300.jpg\" alt=\"\" width=\"240\" height=\"300\" srcset=\"https:\/\/antikriegkoeln.noblogs.org\/files\/2024\/08\/september2-240x300.jpg 240w, https:\/\/antikriegkoeln.noblogs.org\/files\/2024\/08\/september2-819x1024.jpg 819w, https:\/\/antikriegkoeln.noblogs.org\/files\/2024\/08\/september2-768x960.jpg 768w, https:\/\/antikriegkoeln.noblogs.org\/files\/2024\/08\/september2-1229x1536.jpg 1229w, https:\/\/antikriegkoeln.noblogs.org\/files\/2024\/08\/september2-1638x2048.jpg 1638w, https:\/\/antikriegkoeln.noblogs.org\/files\/2024\/08\/september2-1568x1960.jpg 1568w, https:\/\/antikriegkoeln.noblogs.org\/files\/2024\/08\/september2-scaled.jpg 2048w\" sizes=\"auto, (max-width: 240px) 100vw, 240px\" \/><\/p>\n","protected":false},"excerpt":{"rendered":"<p>Im September ist einiges los: Am 1. September ist der Antikriegstag. Zu diesem Anlass organisiert das Friedensforum K\u00f6ln eine Demonstration unter dem Titel &#8222;International solidarisch &#8211; Friedensf\u00e4hig statt kriegst\u00fcchtig&#8220; an der wir uns mit einem antimilitaristischen Block beteiligen werden. Am 2. September ist dann wieder unser offenes Treffen, bei dem wir uns weiter damit au\u00dfeinandersetzen, [&hellip;]<\/p>\n","protected":false},"author":19740,"featured_media":97,"comment_status":"closed","ping_status":"closed","sticky":false,"template":"","format":"standard","meta":{"footnotes":""},"categories":[4],"tags":[],"class_list":["post-96","post","type-post","status-publish","format-standard","has-post-thumbnail","hentry","category-aufrufe"],"_links":{"self":[{"href":"https:\/\/antikriegkoeln.noblogs.org\/index.php?rest_route=\/wp\/v2\/posts\/96","targetHints":{"allow":["GET"]}}],"collection":[{"href":"https:\/\/antikriegkoeln.noblogs.org\/index.php?rest_route=\/wp\/v2\/posts"}],"about":[{"href":"https:\/\/antikriegkoeln.noblogs.org\/index.php?rest_route=\/wp\/v2\/types\/post"}],"author":[{"embeddable":true,"href":"https:\/\/antikriegkoeln.noblogs.org\/index.php?rest_route=\/wp\/v2\/users\/19740"}],"replies":[{"embeddable":true,"href":"https:\/\/antikriegkoeln.noblogs.org\/index.php?rest_route=%2Fwp%2Fv2%2Fcomments&post=96"}],"version-history":[{"count":2,"href":"https:\/\/antikriegkoeln.noblogs.org\/index.php?rest_route=\/wp\/v2\/posts\/96\/revisions"}],"predecessor-version":[{"id":125,"href":"https:\/\/antikriegkoeln.noblogs.org\/index.php?rest_route=\/wp\/v2\/posts\/96\/revisions\/125"}],"wp:featuredmedia":[{"embeddable":true,"href":"https:\/\/antikriegkoeln.noblogs.org\/index.php?rest_route=\/wp\/v2\/media\/97"}],"wp:attachment":[{"href":"https:\/\/antikriegkoeln.noblogs.org\/index.php?rest_route=%2Fwp%2Fv2%2Fmedia&parent=96"}],"wp:term":[{"taxonomy":"category","embeddable":true,"href":"https:\/\/antikriegkoeln.noblogs.org\/index.php?rest_route=%2Fwp%2Fv2%2Fcategories&post=96"},{"taxonomy":"post_tag","embeddable":true,"href":"https:\/\/antikriegkoeln.noblogs.org\/index.php?rest_route=%2Fwp%2Fv2%2Ftags&post=96"}],"curies":[{"name":"wp","href":"https:\/\/api.w.org\/{rel}","templated":true}]}}