{"id":86,"date":"2024-07-20T16:23:24","date_gmt":"2024-07-20T14:23:24","guid":{"rendered":"https:\/\/antikriegkoeln.noblogs.org\/?p=86"},"modified":"2024-07-20T16:23:24","modified_gmt":"2024-07-20T14:23:24","slug":"bundeswehr-co-runter-vom-csd-koeln-beteiligt-euch-am-anitkapitalistischen-block","status":"publish","type":"post","link":"https:\/\/antikriegkoeln.noblogs.org\/?p=86","title":{"rendered":"Bundeswehr &amp; Co. runter vom CSD K\u00f6ln &#8211; Beteiligt euch am anitkapitalistischen Block!"},"content":{"rendered":"<div id=\"magicdomid55\" class=\"ace-line\" aria-live=\"assertive\"><span class=\"author-a-z74ztz68zz67zz81zz89zz83z5ywz122z1z85zz79zhz70z\">Am <strong>21.<\/strong><\/span><strong><span class=\"author-a-kz86zz67zqfl49dz77z63bz122zz70zy\">0<\/span><\/strong><span class=\"author-a-z74ztz68zz67zz81zz89zz83z5ywz122z1z85zz79zhz70z\"><strong>7.<\/strong> findet auch dieses Jahr wieder der <strong>CSD in K\u00f6ln<\/strong> statt. Was urspr\u00fcnglich als militanter Aufstand queerer und <\/span><span class=\"author-a-kz86zz67zqfl49dz77z63bz122zz70zy\">marginalisierter<\/span><span class=\"author-a-z74ztz68zz67zz81zz89zz83z5ywz122z1z85zz79zhz70z\"> Personen gegen den Staat und seine Repressionsorgane\u00a0 angefangen hat<\/span><span class=\"author-a-z85zz68zz85z2m7xro69fdnz87zw\">,<\/span><span class=\"author-a-z74ztz68zz67zz81zz89zz83z5ywz122z1z85zz79zhz70z\"> scheint heute ein durchkommerzialisiertes Partyevent zu sein.<\/span><\/div>\n<div id=\"magicdomid56\" class=\"ace-line\" aria-live=\"assertive\"><span class=\"author-a-z74ztz68zz67zz81zz89zz83z5ywz122z1z85zz79zhz70z\">Das <\/span><span class=\"author-a-z85zz68zz85z2m7xro69fdnz87zw\">r<\/span><span class=\"author-a-z74ztz68zz67zz81zz89zz83z5ywz122z1z85zz79zhz70z\">evolution\u00e4re Erbe dieses Tages wurde von Liberalen, Kriegsprofiteuren, profitgeilen Konzernen und reaktion\u00e4ren Medien in den Hintergrund g<\/span><span class=\"author-a-kz86zz67zqfl49dz77z63bz122zz70zy\">edr\u00e4ngt<\/span><span class=\"author-a-z74ztz68zz67zz81zz89zz83z5ywz122z1z85zz79zhz70z\">. Nun liegt es an uns als Linke Bewegung<\/span><span class=\"author-a-z85zz68zz85z2m7xro69fdnz87zw\">,<\/span><span class=\"author-a-z74ztz68zz67zz81zz89zz83z5ywz122z1z85zz79zhz70z\"> die K\u00e4mpfe der queeren Befreiung mitzudenken. Deswegen ist es um so wichtiger<\/span><span class=\"author-a-z85zz68zz85z2m7xro69fdnz87zw\">,<\/span><span class=\"author-a-z74ztz68zz67zz81zz89zz83z5ywz122z1z85zz79zhz70z\"> dem CSD wieder einen k\u00e4mpferischen <\/span><span class=\"author-a-z85zz68zz85z2m7xro69fdnz87zw\">und revolution\u00e4ren<\/span><span class=\"author-a-z74ztz68zz67zz81zz89zz83z5ywz122z1z85zz79zhz70z\"> Ausdruck <\/span><span class=\"author-a-kz86zz67zqfl49dz77z63bz122zz70zy\">zu verschaffen<\/span><span class=\"author-a-z74ztz68zz67zz81zz89zz83z5ywz122z1z85zz79zhz70z\">. Denn die vorherrschenden kapitalistischen Verh\u00e4ltnisse lassen sich nur von unten bek\u00e4mpfen!<\/span><\/div>\n<div aria-live=\"assertive\"><\/div>\n<div id=\"magicdomid57\" class=\"ace-line\" aria-live=\"assertive\"><span class=\"author-a-z74ztz68zz67zz81zz89zz83z5ywz122z1z85zz79zhz70z\">Dieses Jahr findet der CSD unter dem Motto <em>\u201eF\u00fcr Menschenrechte-Viele.Gemeinsam.Stark!\u201c<\/em> statt.<\/span> <span class=\"author-a-z74ztz68zz67zz81zz89zz83z5ywz122z1z85zz79zhz70z\">Wenn man sich die Liste der <\/span><span class=\"author-a-z85zz68zz85z2m7xro69fdnz87zw\">t<\/span><span class=\"author-a-z74ztz68zz67zz81zz89zz83z5ywz122z1z85zz79zhz70z\">eilnehmenden Gruppen ansieht merkt man schnell, dass das nur als Marketing dient. Denn wenn ThyssenKrupp, die Ampel Parteien, Amazon, die Bundeswehr und der Axel Springer Verlag mitlaufen<\/span><span class=\"author-a-z85zz68zz85z2m7xro69fdnz87zw\">,<\/span><span class=\"author-a-z74ztz68zz67zz81zz89zz83z5ywz122z1z85zz79zhz70z\"> kann man sich sicher sein, dass Menschenrechte keinen Platz auf dem CSD finden.<\/span><\/div>\n<div aria-live=\"assertive\"><\/div>\n<div id=\"magicdomid60\" class=\"ace-line\" aria-live=\"assertive\"><span class=\"author-a-z85zz68zz85z2m7xro69fdnz87zw\">ThyssenKrupp <\/span><span class=\"author-a-z66zz72z52z82zowad7z73zz75z6z90z0z75z\">produziert nicht nur f\u00fcr die Bundeswehr, sondern schreckt auch nicht davor zur\u00fcck, in L\u00e4nder wie die T\u00fcrkei oder Israel zu exportieren, von denen die Menschenrechte systematisch verletzt werden. Durch seine R\u00fcstungslieferungen befeuert es weltweit Kriege und verdient so am Leid und dem massenhaften Mord an Menschen.<\/span><\/div>\n<div id=\"magicdomid61\" class=\"ace-line\" aria-live=\"assertive\"><span class=\"author-a-z66zz72z52z82zowad7z73zz75z6z90z0z75z\">R\u00fcstungskonzerne wie Thyssenkrupp beteiligen sich am Genozid in Gaza, der Ausbeutung des Sudans, den Angriffen auf Kurdistan und vielen mehr. <strong>Sie haben eine direkte Mitschuld an der Unterdr\u00fcckung von den Gruppen, die sich weltweit gegen den Imperialismus auflehnen, diesen bek\u00e4mpfen und sich f\u00fcr ihre Rechte und eine bessere Welt einsetzen.<\/strong> Dabei sind auch die sonst so oft kritisierten Regime, wie in der T\u00fcrkei oder Saudi Arabien, wieder gut genug, um sich an ihnen eine goldene Nase zu verdienen.<\/span><\/div>\n<div id=\"magicdomid62\" class=\"ace-line\" aria-live=\"assertive\"><span class=\"author-a-z66zz72z52z82zowad7z73zz75z6z90z0z75z\">Mit der Teilnahme am CSD will Thyssenkrupp sich in der \u00d6ffentlichkeit gut darstellen, w\u00e4hrend das Unternehmen seine blutverschmierten H\u00e4nde nur hinterm R\u00fccken versteckt und sein menschenverachtendes Gesch\u00e4ft trotzdem weiterf\u00fchrt. Militarisierung und Kriegspropaganda werden gesellschaftlich eingebettet und das Gesch\u00e4ft mit Morden als ein Kampf des &#8222;Guten&#8220; und &#8222;Fortschrittlichen&#8220; gegen das &#8222;B\u00f6se&#8220; und &#8222;R\u00fcckschrittliche&#8220; dargestellt, ein Kampf der NATO und der westlichen imperialistischen Staaten gegen z.B. Freiheitsbewegungen weltweit, die gegen diesen Imperialismus k\u00e4mpfen.<\/span><\/div>\n<div aria-live=\"assertive\"><\/div>\n<div id=\"magicdomid64\" class=\"ace-line\" aria-live=\"assertive\"><span class=\"author-a-yrl2z76zz81z75cz89zdz75zyimk\">Das ist aber (nat\u00fcrlich) noch nicht alles. Sp\u00e4testens durch die Beteiligung von den Ampel-Parteien am CSD wird deutlich, dass man es mit den selbstgesetzten Zielen nicht allzu ernst nimmt.\u00a0<\/span><\/div>\n<div id=\"magicdomid66\" class=\"ace-line\" aria-live=\"assertive\"><span class=\"author-a-yrl2z76zz81z75cz89zdz75zyimk\">So stellte die Ampel in ihrer bisherigen Legislaturperiode einen neuen Rekord in R\u00fcstungsexporten auf. Das Bundesministerium f\u00fcr Wirtschaft und Klimaschutz gab an, dass die Bundesregierung alleine im Jahr 2023 Einzelgenehmigungen f\u00fcr den Export von deutschen R\u00fcstungsg\u00fctern im Wert von rund 12,2 Milliarden Euro erteilte, ein nicht geringer Teil ging dabei an queerfeindliche Regime wie in Saudi Arabien.\u00a0<\/span><\/div>\n<div id=\"magicdomid68\" class=\"ace-line\" aria-live=\"assertive\"><span class=\"author-a-yrl2z76zz81z75cz89zdz75zyimk\">Die Ampel trifft so die Mitschuld an der Unterdr\u00fcckung von que<\/span><span class=\"author-a-kz86zz67zqfl49dz77z63bz122zz70zy\">e<\/span><span class=\"author-a-yrl2z76zz81z75cz89zdz75zyimk\">ren Menschen &#8211; im globalen S\u00fcden und hier, in Deutschland<\/span><span class=\"author-a-kz86zz67zqfl49dz77z63bz122zz70zy\">:<\/span> <span class=\"author-a-kz86zz67zqfl49dz77z63bz122zz70zy\">D<\/span><span class=\"author-a-yrl2z76zz81z75cz89zdz75zyimk\">as K\u00fcrzen von Geldern f\u00fcr queere Jugendprojekte und nicht zuletzt eine Abschiebeoffensive, die queere Menschen in den Tod schickt. Begleitet wird diese menschenf<\/span><span class=\"author-a-kz86zz67zqfl49dz77z63bz122zz70zy\">ein<\/span><span class=\"author-a-yrl2z76zz81z75cz89zdz75zyimk\">dliche Politik mit einer Rhetorik, die immer mehr an die AfD erinnert.\u00a0<\/span><\/div>\n<div id=\"magicdomid69\" class=\"ace-line\" aria-live=\"assertive\"><span class=\"author-a-yrl2z76zz81z75cz89zdz75zyimk\">Dass SPD, die Gr\u00fcnen und die FPD sich dennoch als Teil des CSD sehen, ist herzlich heuchlerisch. <strong>B\u00fcrgerliche Parteien und Konzerne sind im Kampf gegen queere Unterdr\u00fcckung nicht nur unzuverl\u00e4ssige B\u00fcndnispartner &#8211; sie stehen queerer Befreiung aktiv im Weg und wir m\u00fcssen sie als die Unterdr\u00fccker und Ausbeuter, die sie sind, benennen und konsequent bek\u00e4mpfen.\u00a0<\/strong><\/span><\/div>\n<div id=\"magicdomid70\" class=\"ace-line\" aria-live=\"assertive\"><\/div>\n<div id=\"magicdomid71\" class=\"ace-line\" aria-live=\"assertive\"><span class=\"author-a-kz86zz67zqfl49dz77z63bz122zz70zy\">Auch die deutsche Polizei inszeniert sich immer wieder als LGBTIA+-freundlicher Arbeitgeber und versucht dies durch die Teilnahme am CSD fr\u00f6hlich pinkgewasht zu pr\u00e4sentieren. Die K\u00f6lner Polizei, die k\u00f6lner Staatsanwaltschaft und die Stadt K\u00f6ln rufen (zuf\u00e4lligerweise zeitlich genau zum CSD getaktet) zur Kampagne &#8222;Anzeigen statt aushalten &#8211; Gemeinsam gegen Queerfeindlichkeit&#8220; auf. Dieselbe Polizei, die \u00fcber ein Jahr brauchte, um die Ermittlu<\/span><span class=\"author-a-z85zz68zz85z2m7xro69fdnz87zw\">n<\/span><span class=\"author-a-kz86zz67zqfl49dz77z63bz122zz70zy\">gen wegen eines transphoben Gewaltverbrechens auf dem letzten CSD weiterzuf\u00fchren.\u00a0<\/span><\/div>\n<div id=\"magicdomid72\" class=\"ace-line\" aria-live=\"assertive\"><span class=\"author-a-kz86zz67zqfl49dz77z63bz122zz70zy\">F\u00fcr uns ist das alles keine gro\u00dfe \u00dcberraschung. <\/span><\/div>\n<div aria-live=\"assertive\"><\/div>\n<div class=\"ace-line\" aria-live=\"assertive\"><span class=\"author-a-kz86zz67zqfl49dz77z63bz122zz70zy\"><strong>Die Polizei und andere staatliche Repressionsorgane sch\u00fctzen uns nicht &#8211; Sie haben uns nie gesch\u00fctzt.<\/strong> Sie sch\u00fctzen lediglich den Staat und die Interessen der Herrschenden. Queere Menschen sind zus\u00e4tzlich noch mehr von Diskriminierung durch die Polizei und ihre gewaltvollen Repressionsma\u00dfnahmen betroffen. F\u00fcr un<\/span><span class=\"author-a-z85zz68zz85z2m7xro69fdnz87zw\">s<\/span><span class=\"author-a-kz86zz67zqfl49dz77z63bz122zz70zy\"> als linke Bewegung hei\u00dft das:\u00a0<\/span><\/div>\n<div id=\"magicdomid73\" class=\"ace-line\" aria-live=\"assertive\"><\/div>\n<div id=\"magicdomid74\" class=\"ace-line\" aria-live=\"assertive\"><span class=\"author-a-kz86zz67zqfl49dz77z63bz122zz70zy b\"><b>Nur wir k\u00f6nnen uns selbst sch\u00fctzen. Queerer Selbstschutz ist derzeit notwendiger denn je!\u00a0<\/b><\/span><\/div>\n<div id=\"magicdomid75\" class=\"ace-line\" aria-live=\"assertive\"><\/div>\n<div id=\"magicdomid76\" class=\"ace-line\" aria-live=\"assertive\"><span class=\"author-a-kz86zz67zqfl49dz77z63bz122zz70zy\">Der erstarkende Rechtsruck ist einer der Gr\u00fcnde daf\u00fcr. Queere Menschen werden immer h\u00e4ufiger Opfer rechter Gewalt. Das \u00e4u\u00dfert sich nicht nur in k\u00f6rperlichen Angriffen. Prideflaggen k\u00f6nnen auf \u00f6ffentlichen Pl\u00e4tzen verbrannt und homophobe Hetze \u00fcber Lautsprecher abgespielt werden (Dresden, 07.07.2024). Regenbogenflaggen werden von Rechten mit NS-Symboliken verglichen, wie im Februar in Pirna. Diese Rechten sitzen in Stadtr\u00e4ten, im Parlament, im Oberb\u00fcrgermeisteramt. Die AfD ist jedoch nicht die einzig treibende Kraft im rechten Kulturkampf.\u00a0<\/span><\/div>\n<div id=\"magicdomid77\" class=\"ace-line\" aria-live=\"assertive\"><\/div>\n<div id=\"magicdomid78\" class=\"ace-line\" aria-live=\"assertive\"><span class=\"author-a-kz86zz67zqfl49dz77z63bz122zz70zy\">Dank Medien wie der Springer Presse werden queerfeindliche Rhetorik und reaktion\u00e4re Weltbilder in breite Teile der Gesellschaft getragen, normalisiert und sagbar gemacht. Unter dem Namen &#8222;queerBILD&#8220; wird auf deuschlandweiten CSD&#8217;s versucht, sich ein<\/span><span class=\"author-a-z85zz68zz85z2m7xro69fdnz87zw\">en<\/span><span class=\"author-a-kz86zz67zqfl49dz77z63bz122zz70zy\"> queerfreundliche<\/span><span class=\"author-a-z85zz68zz85z2m7xro69fdnz87zw\">n<\/span><span class=\"author-a-kz86zz67zqfl49dz77z63bz122zz70zy\"> Anstrich zu verpassen. <strong>Springer h\u00e4lt die langj\u00e4hrige Tradition der rechten Narrative und menschenverachtenden Hetze aufrecht. Damals wie heute trifft sie eine direkte Mitschuld, welche nicht unbea<\/strong><\/span><strong><span class=\"author-a-z85zz68zz85z2m7xro69fdnz87zw\">n<\/span><span class=\"author-a-kz86zz67zqfl49dz77z63bz122zz70zy\">twortet bleiben darf.\u00a0<\/span><\/strong><\/div>\n<div id=\"magicdomid79\" class=\"ace-line\" aria-live=\"assertive\"><\/div>\n<div id=\"magicdomid80\" class=\"ace-line\" aria-live=\"assertive\"><span class=\"author-a-kz86zz67zqfl49dz77z63bz122zz70zy b\">All das zeigt deutlich, dass ColognePride mit zweierlei Ma\u00df misst. Menschenrechte gelten scheinbar eben doch nicht f\u00fcr alle. Es bleibt ein CSD der Kriegsprofiteure, Konzerne und reaktion\u00e4ren Meinungsmache.\u00a0<\/span><\/div>\n<div id=\"magicdomid81\" class=\"ace-line\" aria-live=\"assertive\"><\/div>\n<div id=\"magicdomid82\" class=\"ace-line\" aria-live=\"assertive\"><span class=\"author-a-kz86zz67zqfl49dz77z63bz122zz70zy b\">Das k\u00f6nnen und wollen wir nicht weiter hinnehmen! Wir &#8211; als Antimilitarist:innen und Antikapitalist:innen &#8211; m\u00fcssen eine massenf\u00e4hige und k\u00e4mpferische Alternative anbieten.\u00a0<\/span><\/div>\n<div id=\"magicdomid83\" class=\"ace-line\" aria-live=\"assertive\"><\/div>\n<div id=\"magicdomid84\" class=\"ace-line\" aria-live=\"assertive\"><span class=\"author-a-kz86zz67zqfl49dz77z63bz122zz70zy b\"><b>Der Kapitalismus ist nicht allm\u00e4chtig, er ist angreifbar. Der Bruch mit diesem System ist notwendig, denn in ihm wird es keinen gerechten Frieden geben.\u00a0<\/b><\/span><\/div>\n<div id=\"magicdomid85\" class=\"ace-line\" aria-live=\"assertive\"><\/div>\n<div id=\"magicdomid86\" class=\"ace-line\" aria-live=\"assertive\"><em><strong><span class=\"author-a-kz86zz67zqfl49dz77z63bz122zz70zy\">Beteiligt euch daher am antikapitalistischen Block (Startnummer 172) auf dem CSD K\u00f6ln &#8211; 21.07.\/\/ 12 Uhr Linkes Zentrum K\u00f6ln-Kalk\u00a0<\/span><\/strong><\/em><\/div>\n<div id=\"magicdomid87\" class=\"ace-line\" aria-live=\"assertive\"><\/div>\n<div id=\"magicdomid88\" class=\"ace-line\" aria-live=\"assertive\"><span class=\"author-a-kz86zz67zqfl49dz77z63bz122zz70zy b\"><b>F\u00fcr eine queere Befreiung von unten!<\/b><\/span><\/div>\n<div id=\"magicdomid89\" class=\"ace-line\" aria-live=\"assertive\"><\/div>\n<div id=\"magicdomid90\" class=\"ace-line\" aria-live=\"assertive\"><\/div>\n<div id=\"magicdomid91\" class=\"ace-line\" aria-live=\"assertive\"><\/div>\n<div id=\"magicdomid92\" class=\"ace-line\" aria-live=\"assertive\"><\/div>\n<div id=\"magicdomid93\" class=\"ace-line\" aria-live=\"assertive\"><\/div>\n<div id=\"magicdomid94\" class=\"ace-line\" aria-live=\"assertive\"><\/div>\n<div id=\"magicdomid95\" class=\"ace-line\" aria-live=\"assertive\"><\/div>\n<div id=\"magicdomid96\" class=\"ace-line\" aria-live=\"assertive\"><\/div>\n<div id=\"magicdomid97\" class=\"ace-line\" aria-live=\"assertive\"><\/div>\n<div id=\"magicdomid98\" class=\"ace-line\" aria-live=\"assertive\"><\/div>\n<div id=\"magicdomid99\" class=\"ace-line\" aria-live=\"assertive\"><\/div>\n<div id=\"magicdomid100\" class=\"ace-line\" aria-live=\"assertive\"><\/div>\n<div id=\"magicdomid101\" class=\"ace-line\" aria-live=\"assertive\"><\/div>\n<div id=\"magicdomid102\" class=\"ace-line\" aria-live=\"assertive\"><\/div>\n<div id=\"magicdomid103\" class=\"ace-line\" aria-live=\"assertive\"><\/div>\n<div id=\"magicdomid104\" class=\"ace-line\" aria-live=\"assertive\"><\/div>\n","protected":false},"excerpt":{"rendered":"<p>Am 21.07. findet auch dieses Jahr wieder der CSD in K\u00f6ln statt. Was urspr\u00fcnglich als militanter Aufstand queerer und marginalisierter Personen gegen den Staat und seine Repressionsorgane\u00a0 angefangen hat, scheint heute ein durchkommerzialisiertes Partyevent zu sein. Das revolution\u00e4re Erbe dieses Tages wurde von Liberalen, Kriegsprofiteuren, profitgeilen Konzernen und reaktion\u00e4ren Medien in den Hintergrund gedr\u00e4ngt. Nun [&hellip;]<\/p>\n","protected":false},"author":19740,"featured_media":0,"comment_status":"closed","ping_status":"closed","sticky":false,"template":"","format":"standard","meta":{"footnotes":""},"categories":[4],"tags":[],"class_list":["post-86","post","type-post","status-publish","format-standard","hentry","category-aufrufe"],"_links":{"self":[{"href":"https:\/\/antikriegkoeln.noblogs.org\/index.php?rest_route=\/wp\/v2\/posts\/86","targetHints":{"allow":["GET"]}}],"collection":[{"href":"https:\/\/antikriegkoeln.noblogs.org\/index.php?rest_route=\/wp\/v2\/posts"}],"about":[{"href":"https:\/\/antikriegkoeln.noblogs.org\/index.php?rest_route=\/wp\/v2\/types\/post"}],"author":[{"embeddable":true,"href":"https:\/\/antikriegkoeln.noblogs.org\/index.php?rest_route=\/wp\/v2\/users\/19740"}],"replies":[{"embeddable":true,"href":"https:\/\/antikriegkoeln.noblogs.org\/index.php?rest_route=%2Fwp%2Fv2%2Fcomments&post=86"}],"version-history":[{"count":2,"href":"https:\/\/antikriegkoeln.noblogs.org\/index.php?rest_route=\/wp\/v2\/posts\/86\/revisions"}],"predecessor-version":[{"id":88,"href":"https:\/\/antikriegkoeln.noblogs.org\/index.php?rest_route=\/wp\/v2\/posts\/86\/revisions\/88"}],"wp:attachment":[{"href":"https:\/\/antikriegkoeln.noblogs.org\/index.php?rest_route=%2Fwp%2Fv2%2Fmedia&parent=86"}],"wp:term":[{"taxonomy":"category","embeddable":true,"href":"https:\/\/antikriegkoeln.noblogs.org\/index.php?rest_route=%2Fwp%2Fv2%2Fcategories&post=86"},{"taxonomy":"post_tag","embeddable":true,"href":"https:\/\/antikriegkoeln.noblogs.org\/index.php?rest_route=%2Fwp%2Fv2%2Ftags&post=86"}],"curies":[{"name":"wp","href":"https:\/\/api.w.org\/{rel}","templated":true}]}}