{"id":74,"date":"2024-06-04T16:44:02","date_gmt":"2024-06-04T14:44:02","guid":{"rendered":"https:\/\/antikriegkoeln.noblogs.org\/?p=74"},"modified":"2024-06-04T16:44:02","modified_gmt":"2024-06-04T14:44:02","slug":"offenes-treffen-gegen-krieg-und-militarisierung-in-koeln-gegruendet","status":"publish","type":"post","link":"https:\/\/antikriegkoeln.noblogs.org\/?p=74","title":{"rendered":"Offenes Treffen gegen Krieg und Militarisierung in K\u00f6ln gegr\u00fcndet!"},"content":{"rendered":"<p lang=\"de-DE\">Wer wir sind:<\/p>\n<p lang=\"de-DE\">Wir sind Aktive aus dem Linken Zentrum K\u00f6ln und haben uns zu Beginn des Jahres als Arbeitskreis Antikrieg zusammengefunden. Der Krieg in der Ukraine und die Eskalationen in Gaza im Winter vergangenen Jahres, haben uns dazu bewegt uns mit den Themen Imperialismus und Krieg zu besch\u00e4ftigen und wir haben versucht eine Praxis zu entwickeln, die Solidarit\u00e4t mit den werkt\u00e4tigen aller L\u00e4nder ausdr\u00fcckt und gleichzeitig die herrschende Politik in der NATO, besonders in Deutschland angreift.<\/p>\n<p lang=\"de-DE\">Nun haben wir uns nach l\u00e4ngeren Diskussionen dazu entschieden ein offenes Treffen zu gr\u00fcnden. Wir wollen gemeinsam gegen Krieg und Militarisierung vorgehen. Dabei wollen wir nicht nur eine vielschichtige Praxis entwickeln, sondern vor allem Menschen einbeziehen k\u00f6nnen und die Erfahrung Praxis, Bildung und Kultur zu organisieren so vielen Menschen wie m\u00f6glich zug\u00e4nglich machen. Wir denken, dass ein offenes Treffen daf\u00fcr aktuell die beste M\u00f6glichkeit bietet.<\/p>\n<p lang=\"de-DE\">Was wir wollen:<\/p>\n<p lang=\"de-DE\">In Zukunft wollen wir uns regelm\u00e4\u00dfig treffen, um Aktionen, Kundgebungen, Demonstration, aber auch Bildung in Form von Lesekreisen, Filmabenden und Kulturveranstaltungen gemeinsam und solidarisch zu organisieren.<\/p>\n<p lang=\"de-DE\">Zentraler Ansatzpunkt unserer Politik ist es, die deutschen Banken, Konzerne und Regierung f\u00fcr ihre reaktion\u00e4re Politik anzugreifen. Deutsche Waffen morden mit in aller Welt \u2013 Das ist nicht einfach nur irgendeine Demoparole, sondern bittere Wahrheit. Aus Profitinteressen werden \u00fcberall auf der Welt von deutschen Konzernen Kriege angezettelt und unterst\u00fctzt. Sei es in der Ukraine, in Gaza, in Kurdistan oder im roten Meer.<\/p>\n<p lang=\"de-DE\">Gleichzeitig wollen wir die tapferen K\u00e4mpfe von Organisationen, Parteien und V\u00f6lkern auf der ganzen Welt gegen Imperialismus und Krieg hervorheben. Ob in Kurdistan, Indien oder auf den Philippinen. \u00dcberall auf der Welt k\u00e4mpfen Menschen gegen Ausbeutung und Unterdr\u00fcckung. Diese K\u00e4mpfe k\u00f6nnen f\u00fcr uns Ankerpunkte sein, aus denen wir Kraft sch\u00f6pfen k\u00f6nnen. In Ihnen zeigt sich ganz real: Der Kapitalismus ist nicht allm\u00e4chtig, er kann angegriffen werden \u2013 und man kann dabei erfolgreich sein.<\/p>\n<p lang=\"de-DE\">\n<p lang=\"de-DE\">Unsere Perspektive:<\/p>\n<p lang=\"de-DE\">\u201cDer Kapitalismus tr\u00e4gt den Krieg in sich wie die Wolke den Regen\u201d<\/p>\n<p lang=\"de-DE\">Im Kapitalismus wurde und wird immer Krieg gef\u00fchrt. Die imperialistischen Bl\u00f6cke konkurrieren miteinander f\u00fcr die Erschlie\u00dfung und Ausweitung von Absatzm\u00e4rkten und die Profite der R\u00fcstungsindustrie. Im Kapitalismus wird es also keinen Frieden, zumindest keinen dauerhaften und gerechten. Erst eine revolution\u00e4re Umw\u00e4lzung der Verh\u00e4ltnisse, wird die Grundlage daf\u00fcr schaffen, dass kein Krieg mehr zwischen den V\u00f6lkern gef\u00fchrt wird. Denn ohne Konkurrenz und Profitlogik besteht auch \u00fcberhaupt nicht die Notwendigkeit. Daher stehen wir f\u00fcr einen Bruch mit diesem System und seinen Kriegen und sehen uns als Teil eines revolution\u00e4ren Aufbauprozess f\u00fcr eine solidarische und klassenlose Gesellschaft.<\/p>\n<p lang=\"de-DE\">\nHaltet die Augen offen! Bald werden wir zum ersten offenen Treffen einladen!<\/p>\n","protected":false},"excerpt":{"rendered":"<p>Wer wir sind: Wir sind Aktive aus dem Linken Zentrum K\u00f6ln und haben uns zu Beginn des Jahres als Arbeitskreis Antikrieg zusammengefunden. Der Krieg in der Ukraine und die Eskalationen in Gaza im Winter vergangenen Jahres, haben uns dazu bewegt uns mit den Themen Imperialismus und Krieg zu besch\u00e4ftigen und wir haben versucht eine Praxis [&hellip;]<\/p>\n","protected":false},"author":19740,"featured_media":75,"comment_status":"closed","ping_status":"closed","sticky":false,"template":"","format":"standard","meta":{"footnotes":""},"categories":[4,1],"tags":[],"class_list":["post-74","post","type-post","status-publish","format-standard","has-post-thumbnail","hentry","category-aufrufe","category-general"],"_links":{"self":[{"href":"https:\/\/antikriegkoeln.noblogs.org\/index.php?rest_route=\/wp\/v2\/posts\/74","targetHints":{"allow":["GET"]}}],"collection":[{"href":"https:\/\/antikriegkoeln.noblogs.org\/index.php?rest_route=\/wp\/v2\/posts"}],"about":[{"href":"https:\/\/antikriegkoeln.noblogs.org\/index.php?rest_route=\/wp\/v2\/types\/post"}],"author":[{"embeddable":true,"href":"https:\/\/antikriegkoeln.noblogs.org\/index.php?rest_route=\/wp\/v2\/users\/19740"}],"replies":[{"embeddable":true,"href":"https:\/\/antikriegkoeln.noblogs.org\/index.php?rest_route=%2Fwp%2Fv2%2Fcomments&post=74"}],"version-history":[{"count":1,"href":"https:\/\/antikriegkoeln.noblogs.org\/index.php?rest_route=\/wp\/v2\/posts\/74\/revisions"}],"predecessor-version":[{"id":76,"href":"https:\/\/antikriegkoeln.noblogs.org\/index.php?rest_route=\/wp\/v2\/posts\/74\/revisions\/76"}],"wp:featuredmedia":[{"embeddable":true,"href":"https:\/\/antikriegkoeln.noblogs.org\/index.php?rest_route=\/wp\/v2\/media\/75"}],"wp:attachment":[{"href":"https:\/\/antikriegkoeln.noblogs.org\/index.php?rest_route=%2Fwp%2Fv2%2Fmedia&parent=74"}],"wp:term":[{"taxonomy":"category","embeddable":true,"href":"https:\/\/antikriegkoeln.noblogs.org\/index.php?rest_route=%2Fwp%2Fv2%2Fcategories&post=74"},{"taxonomy":"post_tag","embeddable":true,"href":"https:\/\/antikriegkoeln.noblogs.org\/index.php?rest_route=%2Fwp%2Fv2%2Ftags&post=74"}],"curies":[{"name":"wp","href":"https:\/\/api.w.org\/{rel}","templated":true}]}}