{"id":52,"date":"2024-03-18T19:50:12","date_gmt":"2024-03-18T18:50:12","guid":{"rendered":"https:\/\/antikriegkoeln.noblogs.org\/?p=52"},"modified":"2024-03-18T19:50:12","modified_gmt":"2024-03-18T18:50:12","slug":"demonstration-gegen-diehl-munitionsfabrik-in-troisdorf","status":"publish","type":"post","link":"https:\/\/antikriegkoeln.noblogs.org\/?p=52","title":{"rendered":"Demonstration gegen Diehl Munitionsfabrik in Troisdorf"},"content":{"rendered":"<p>Am 16. M\u00e4rz demonstrierten wir mit circa 80 Kriegsgegner:innen und Antikapitalist:innen gegen den geplanten Bau der Diehl Waffenfabrik in Troisdorf.<\/p>\n<p>Die Waffenfabrik soll unmittelbar neben einer Kindertagesst\u00e4tte erbaut werden. Dort sollen Z\u00fcndbl\u00e4ttchen, die Diehl f\u00fcr Artilleriemunition und Bomben ben\u00f6tigt, hergestellt werden.<\/p>\n<p>Diehl ist hinter Rheinmetall, Tyssen und Kraus-Maffei Wegmann der viert gr\u00f6\u00dfte R\u00fcstungsproduzent der BRD und verdient sich mit Exporten nach Israel, in die T\u00fcrkei und in die Ukraine ein goldenes N\u00e4sschen.<\/p>\n<p>Unternehmen und Konzerne wie Diehl sind es, die am Krieg profitieren und deshalb ein Interesse daran haben, dass bspw. der Krieg in der Ukraine noch l\u00e4nger anh\u00e4lt.<\/p>\n<p>Entwaffnen wir die Kriestreiber- und Profiteure!<\/p>\n<p>Beteiligt euch am Beteiligungstreffen und kommt am Ostermarsch mit uns auf die Stra\u00dfe!<\/p>\n<p>Als Klasse k\u00e4mpfen &#8211; Gegen Aufr\u00fcstung und Sozialabbau<\/p>\n<p><img loading=\"lazy\" decoding=\"async\" class=\"alignnone size-medium wp-image-53\" src=\"https:\/\/antikriegkoeln.noblogs.org\/files\/2024\/03\/DSC_0002-300x199.jpg\" alt=\"\" width=\"300\" height=\"199\" srcset=\"https:\/\/antikriegkoeln.noblogs.org\/files\/2024\/03\/DSC_0002-300x199.jpg 300w, https:\/\/antikriegkoeln.noblogs.org\/files\/2024\/03\/DSC_0002-1024x678.jpg 1024w, https:\/\/antikriegkoeln.noblogs.org\/files\/2024\/03\/DSC_0002-768x509.jpg 768w, https:\/\/antikriegkoeln.noblogs.org\/files\/2024\/03\/DSC_0002-1536x1017.jpg 1536w, https:\/\/antikriegkoeln.noblogs.org\/files\/2024\/03\/DSC_0002-2048x1356.jpg 2048w, https:\/\/antikriegkoeln.noblogs.org\/files\/2024\/03\/DSC_0002-1568x1039.jpg 1568w\" sizes=\"auto, (max-width: 300px) 100vw, 300px\" \/> <img loading=\"lazy\" decoding=\"async\" class=\"alignnone size-medium wp-image-54\" src=\"https:\/\/antikriegkoeln.noblogs.org\/files\/2024\/03\/DSC_0001-300x199.jpg\" alt=\"\" width=\"300\" height=\"199\" srcset=\"https:\/\/antikriegkoeln.noblogs.org\/files\/2024\/03\/DSC_0001-300x199.jpg 300w, https:\/\/antikriegkoeln.noblogs.org\/files\/2024\/03\/DSC_0001-1024x678.jpg 1024w, https:\/\/antikriegkoeln.noblogs.org\/files\/2024\/03\/DSC_0001-768x509.jpg 768w, https:\/\/antikriegkoeln.noblogs.org\/files\/2024\/03\/DSC_0001-1536x1017.jpg 1536w, https:\/\/antikriegkoeln.noblogs.org\/files\/2024\/03\/DSC_0001-2048x1356.jpg 2048w, https:\/\/antikriegkoeln.noblogs.org\/files\/2024\/03\/DSC_0001-1568x1039.jpg 1568w\" sizes=\"auto, (max-width: 300px) 100vw, 300px\" \/><\/p>\n","protected":false},"excerpt":{"rendered":"<p>Am 16. M\u00e4rz demonstrierten wir mit circa 80 Kriegsgegner:innen und Antikapitalist:innen gegen den geplanten Bau der Diehl Waffenfabrik in Troisdorf. Die Waffenfabrik soll unmittelbar neben einer Kindertagesst\u00e4tte erbaut werden. Dort sollen Z\u00fcndbl\u00e4ttchen, die Diehl f\u00fcr Artilleriemunition und Bomben ben\u00f6tigt, hergestellt werden. Diehl ist hinter Rheinmetall, Tyssen und Kraus-Maffei Wegmann der viert gr\u00f6\u00dfte R\u00fcstungsproduzent der BRD [&hellip;]<\/p>\n","protected":false},"author":19740,"featured_media":55,"comment_status":"closed","ping_status":"closed","sticky":false,"template":"","format":"standard","meta":{"footnotes":""},"categories":[5],"tags":[],"class_list":["post-52","post","type-post","status-publish","format-standard","has-post-thumbnail","hentry","category-aktionen"],"_links":{"self":[{"href":"https:\/\/antikriegkoeln.noblogs.org\/index.php?rest_route=\/wp\/v2\/posts\/52","targetHints":{"allow":["GET"]}}],"collection":[{"href":"https:\/\/antikriegkoeln.noblogs.org\/index.php?rest_route=\/wp\/v2\/posts"}],"about":[{"href":"https:\/\/antikriegkoeln.noblogs.org\/index.php?rest_route=\/wp\/v2\/types\/post"}],"author":[{"embeddable":true,"href":"https:\/\/antikriegkoeln.noblogs.org\/index.php?rest_route=\/wp\/v2\/users\/19740"}],"replies":[{"embeddable":true,"href":"https:\/\/antikriegkoeln.noblogs.org\/index.php?rest_route=%2Fwp%2Fv2%2Fcomments&post=52"}],"version-history":[{"count":1,"href":"https:\/\/antikriegkoeln.noblogs.org\/index.php?rest_route=\/wp\/v2\/posts\/52\/revisions"}],"predecessor-version":[{"id":56,"href":"https:\/\/antikriegkoeln.noblogs.org\/index.php?rest_route=\/wp\/v2\/posts\/52\/revisions\/56"}],"wp:featuredmedia":[{"embeddable":true,"href":"https:\/\/antikriegkoeln.noblogs.org\/index.php?rest_route=\/wp\/v2\/media\/55"}],"wp:attachment":[{"href":"https:\/\/antikriegkoeln.noblogs.org\/index.php?rest_route=%2Fwp%2Fv2%2Fmedia&parent=52"}],"wp:term":[{"taxonomy":"category","embeddable":true,"href":"https:\/\/antikriegkoeln.noblogs.org\/index.php?rest_route=%2Fwp%2Fv2%2Fcategories&post=52"},{"taxonomy":"post_tag","embeddable":true,"href":"https:\/\/antikriegkoeln.noblogs.org\/index.php?rest_route=%2Fwp%2Fv2%2Ftags&post=52"}],"curies":[{"name":"wp","href":"https:\/\/api.w.org\/{rel}","templated":true}]}}