{"id":42,"date":"2024-03-10T15:30:35","date_gmt":"2024-03-10T14:30:35","guid":{"rendered":"https:\/\/antikriegkoeln.noblogs.org\/?p=42"},"modified":"2024-03-10T15:30:35","modified_gmt":"2024-03-10T14:30:35","slug":"lebensqualitaet-statt-ruestungsproduktion","status":"publish","type":"post","link":"https:\/\/antikriegkoeln.noblogs.org\/?p=42","title":{"rendered":"Lebensqualit\u00e4t statt R\u00fcstungsproduktion"},"content":{"rendered":"<p>Am 16. M\u00e4rz findet eine Demonstration gegen den geplanten Bau einer R\u00fcstungsfabrik in Troisdorf statt.<\/p>\n<p>Dort will der R\u00fcstungsgigant Diehl Defence eine Munitionsfabrik bauen. Diehl Defence ist das gr\u00f6\u00dfte Tochterunternehmen von der Diehl Group. Diehl produziert seit 1915 Waffen und R\u00fcstungsg\u00fcter. Im zweiten Weltkrieg produzierten sie f\u00fcr den Verbrecherischen Angriffskrieg der Wehrmacht. So ist der Konzern f\u00fcr den zweiten Weltkrieg mitverantwortlich. Auch heute hat das Unternehmen keine wei\u00dfe Weste. Mit Waffenlieferungen an den t\u00fcrkischen Staat wird der Angriffskrieg gegen die Revolution in Rojava unters\u00fctzt, mit Waffenlieferung an Israel beteiligt sich der Konzern am Genozid am pal\u00e4stinensischen Volk. Und auch am Krieg in der Ukraine macht Diehl profite.<\/p>\n<p>Im Jahr 2022 machte Diehl Defence 810 Millionen Euro gewinn, nun soll die produktion ausgeweitet werden, was Verteidigungsminister Pistorius und die Regierung begr\u00fc\u00dfen.<\/p>\n<p>Seit Monaten schon protestieren Anwohner:innen und Gewerkschaften gegen den geplanten Bau. Auch der B\u00fcrgermeister der Stadt Troisdorf hat sich lange Zeit dagegen ausgesprochen, ist nun aber unter dem Druck aus Berlin eingeknickt.<\/p>\n<p>Das R\u00fcstungskonzerne in Deutschland an imperialistischen Kriegen und V\u00f6lkermord profitieren zeigt uns deutlich: Wir m\u00fcssen die deutschen Kriegstreiber entlarven, angreifen und die Perspektive einer solidarischen, klassenlosen Gesellschaft ohne Krieg und Ausbeutung greifbar machen.<\/p>\n<p>Daher rufen wir auf sich an der Demo am kommenden Samstag zu beteiligen.<\/p>\n<p>Gemeinsame Anreise aus dem Linken Zentrum: 16. M\u00e4rz | 11:45 Uhr | Linkes Zentrum<\/p>\n<p><img loading=\"lazy\" decoding=\"async\" class=\"alignnone size-medium wp-image-45\" src=\"https:\/\/antikriegkoeln.noblogs.org\/files\/2024\/03\/TroisdorfWaffen2-300x300.jpg\" alt=\"\" width=\"300\" height=\"300\" srcset=\"https:\/\/antikriegkoeln.noblogs.org\/files\/2024\/03\/TroisdorfWaffen2-300x300.jpg 300w, https:\/\/antikriegkoeln.noblogs.org\/files\/2024\/03\/TroisdorfWaffen2-1024x1024.jpg 1024w, https:\/\/antikriegkoeln.noblogs.org\/files\/2024\/03\/TroisdorfWaffen2-150x150.jpg 150w, https:\/\/antikriegkoeln.noblogs.org\/files\/2024\/03\/TroisdorfWaffen2-768x768.jpg 768w, https:\/\/antikriegkoeln.noblogs.org\/files\/2024\/03\/TroisdorfWaffen2-1536x1536.jpg 1536w, https:\/\/antikriegkoeln.noblogs.org\/files\/2024\/03\/TroisdorfWaffen2-2048x2048.jpg 2048w, https:\/\/antikriegkoeln.noblogs.org\/files\/2024\/03\/TroisdorfWaffen2-1568x1568.jpg 1568w\" sizes=\"auto, (max-width: 300px) 100vw, 300px\" \/> <img loading=\"lazy\" decoding=\"async\" class=\"alignnone size-medium wp-image-46\" src=\"https:\/\/antikriegkoeln.noblogs.org\/files\/2024\/03\/TroisdorfWaffen3-300x300.jpg\" alt=\"\" width=\"300\" height=\"300\" srcset=\"https:\/\/antikriegkoeln.noblogs.org\/files\/2024\/03\/TroisdorfWaffen3-300x300.jpg 300w, https:\/\/antikriegkoeln.noblogs.org\/files\/2024\/03\/TroisdorfWaffen3-1024x1024.jpg 1024w, https:\/\/antikriegkoeln.noblogs.org\/files\/2024\/03\/TroisdorfWaffen3-150x150.jpg 150w, https:\/\/antikriegkoeln.noblogs.org\/files\/2024\/03\/TroisdorfWaffen3-768x768.jpg 768w, https:\/\/antikriegkoeln.noblogs.org\/files\/2024\/03\/TroisdorfWaffen3-1536x1536.jpg 1536w, https:\/\/antikriegkoeln.noblogs.org\/files\/2024\/03\/TroisdorfWaffen3-2048x2048.jpg 2048w, https:\/\/antikriegkoeln.noblogs.org\/files\/2024\/03\/TroisdorfWaffen3-1568x1568.jpg 1568w\" sizes=\"auto, (max-width: 300px) 100vw, 300px\" \/><\/p>\n<p>&nbsp;<\/p>\n","protected":false},"excerpt":{"rendered":"<p>Am 16. M\u00e4rz findet eine Demonstration gegen den geplanten Bau einer R\u00fcstungsfabrik in Troisdorf statt. Dort will der R\u00fcstungsgigant Diehl Defence eine Munitionsfabrik bauen. Diehl Defence ist das gr\u00f6\u00dfte Tochterunternehmen von der Diehl Group. Diehl produziert seit 1915 Waffen und R\u00fcstungsg\u00fcter. Im zweiten Weltkrieg produzierten sie f\u00fcr den Verbrecherischen Angriffskrieg der Wehrmacht. So ist der [&hellip;]<\/p>\n","protected":false},"author":19740,"featured_media":44,"comment_status":"closed","ping_status":"closed","sticky":false,"template":"","format":"standard","meta":{"footnotes":""},"categories":[4],"tags":[],"class_list":["post-42","post","type-post","status-publish","format-standard","has-post-thumbnail","hentry","category-aufrufe"],"_links":{"self":[{"href":"https:\/\/antikriegkoeln.noblogs.org\/index.php?rest_route=\/wp\/v2\/posts\/42","targetHints":{"allow":["GET"]}}],"collection":[{"href":"https:\/\/antikriegkoeln.noblogs.org\/index.php?rest_route=\/wp\/v2\/posts"}],"about":[{"href":"https:\/\/antikriegkoeln.noblogs.org\/index.php?rest_route=\/wp\/v2\/types\/post"}],"author":[{"embeddable":true,"href":"https:\/\/antikriegkoeln.noblogs.org\/index.php?rest_route=\/wp\/v2\/users\/19740"}],"replies":[{"embeddable":true,"href":"https:\/\/antikriegkoeln.noblogs.org\/index.php?rest_route=%2Fwp%2Fv2%2Fcomments&post=42"}],"version-history":[{"count":1,"href":"https:\/\/antikriegkoeln.noblogs.org\/index.php?rest_route=\/wp\/v2\/posts\/42\/revisions"}],"predecessor-version":[{"id":47,"href":"https:\/\/antikriegkoeln.noblogs.org\/index.php?rest_route=\/wp\/v2\/posts\/42\/revisions\/47"}],"wp:featuredmedia":[{"embeddable":true,"href":"https:\/\/antikriegkoeln.noblogs.org\/index.php?rest_route=\/wp\/v2\/media\/44"}],"wp:attachment":[{"href":"https:\/\/antikriegkoeln.noblogs.org\/index.php?rest_route=%2Fwp%2Fv2%2Fmedia&parent=42"}],"wp:term":[{"taxonomy":"category","embeddable":true,"href":"https:\/\/antikriegkoeln.noblogs.org\/index.php?rest_route=%2Fwp%2Fv2%2Fcategories&post=42"},{"taxonomy":"post_tag","embeddable":true,"href":"https:\/\/antikriegkoeln.noblogs.org\/index.php?rest_route=%2Fwp%2Fv2%2Ftags&post=42"}],"curies":[{"name":"wp","href":"https:\/\/api.w.org\/{rel}","templated":true}]}}