{"id":35,"date":"2024-03-04T16:15:38","date_gmt":"2024-03-04T15:15:38","guid":{"rendered":"https:\/\/antikriegkoeln.noblogs.org\/?p=35"},"modified":"2024-03-10T15:34:24","modified_gmt":"2024-03-10T14:34:24","slug":"auf-die-strasse-gegen-aufruestung-und-sozialabbau","status":"publish","type":"post","link":"https:\/\/antikriegkoeln.noblogs.org\/?p=35","title":{"rendered":"Auf die Stra\u00dfe &#8211; Gegen Aufr\u00fcstung und Sozialabbau!"},"content":{"rendered":"<p>Deutschland r\u00fcstet auf. W\u00e4hrend das gesamte Stadtbild von Bundeswehr Propaganda \u00fcbers\u00e4t ist, die Ampelregierung von \u201eKriegst\u00fcchtigkeit und der leistungsf\u00e4higsten konventionellen Streitkraft in Europa\u201c redet, leiden und sterben unschuldige Zivilist:innen in Pal\u00e4stina, der Ukraine, Russland und unz\u00e4hligen anderen Orten der Welt.<\/p>\n<p>\u201eDie Gefahr kommt aus dem Osten\u201c. Diese Annahme ist dank der vorherrschenden Propaganda in der Mitte der Gesellschaft angekommen. Es scheint aber egal zu sein, dass Hunderttausende russische milit\u00e4rdienstpflichtige M\u00e4nner im Alter von 18 bis 60 Jahren seit des russischen Angriffskrieg aus ihrer Heimat geflohen sind. \u00c4hnlich viele ukrainische milit\u00e4rdienstpflichte M\u00e4nner flohen vor dem Dienst. Jedoch sch\u00fctzt die BRD die Kriegsverweigerer nicht, im Gegenteil: Sie liefert sie der Situation aus, da dies kein Grund f\u00fcr Asyl sei. In den meisten Heimatl\u00e4ndern droht Ihnen der Knast oder der Tod. Das ist dem Staat aber vollkommen egal. Denn der Krieg und die Aufr\u00fcstung f\u00fcllt ausschlie\u00dflich die Taschen der Kapitalist:innen. Denn es sind nicht nur R\u00fcstungskonzerne, die vom Krieg profitieren, sondern unter anderem Auto-, Chemie- und Elektrokonzerne. So profitiert zum Beispiel Bosch von der Unterdr\u00fcckung und \u00dcberwachung von Frauen im Iran, indem sie Technologien zur Kamera\u00fcberwachung exportieren.<\/p>\n<p><b>Die Kriegstreiberei der Herrschenden f\u00fcgt vor allem einer Klasse das meiste Leid zu: Der Klasse der Arbeiter*innen. Uns!<\/b><\/p>\n<p>Besonders junge M\u00e4nner stehen im Fokus der Kriegspropaganda, da sie f\u00fcr das Milit\u00e4r als potenzielles Kanonenfutter dienen. Erst k\u00fcrzlich posierte die Bundeswehr in K\u00f6ln auf der gr\u00f6\u00dften Bildungsmesse Deutschlands \u201edidacta\u201c als neutraler Ausbilder. Dabei ist die Bundeswehr und die Aufr\u00fcstung der Grund daf\u00fcr, dass die Bildung f\u00fcr Sch\u00fcler*innen kaputt gespart wird. Krieg bedeutet aber auch immer den direkten Angriff auf die erk\u00e4mpften Rechte von Arbeiter:innen und die Zuspitzung der sozialen Widerspr\u00fcche. Sozialabbau ist daher ein best\u00e4ndiger Teil vom Krisenmanagement aller b\u00fcrgerlichen Regierungen.<\/p>\n<p>Wir widersetzen uns dem \u2013 wir bezahlen weder mit unserem Leben noch mit einem einzigen Cent f\u00fcr eure Kriege! Es ist an der Zeit sich gegen ihre imperialistischen Kriege zu stellen.<\/p>\n<p>Seit Jahrzehnten organisieren sich Kriegsverweigerer und Deserteure im Namen der DFG-VK. Sie fordert die Abschaffung der Wehrpflicht, welche aktuell ausschlie\u00dflich ausgesetzt ist. Sie wendet sich gegen die weltweiten Kriegseins\u00e4tze der Bundeswehr sowie die Milit\u00e4reins\u00e4tze im Inneren der Bundesrepublik im Rahmen vorgeblichen Terrorismusbek\u00e4mpfung. Gemeinsam mit ihnen gehen wir im Zuge des Ostermarschs auf die Stra\u00dfe.<\/p>\n<p><b>F\u00fcr den Stopp der Militarisierung und Kriegspropaganda. <\/b><\/p>\n<p><b>F\u00fcr eine Zukunft, in der Profite nicht \u00fcber dem Menschenleben und dem Frieden stehen. <\/b><\/p>\n<p><b>F\u00fcr die Zerschlagung des kapitalistischen Systems und dessen Krisen! Gemeinsam werden wir siegen!<\/b><\/p>\n<p><img loading=\"lazy\" decoding=\"async\" class=\"alignnone size-medium wp-image-43\" src=\"https:\/\/antikriegkoeln.noblogs.org\/files\/2024\/03\/Ostermarsch24_beteiligungstreffen-300x300.jpg\" alt=\"\" width=\"300\" height=\"300\" srcset=\"https:\/\/antikriegkoeln.noblogs.org\/files\/2024\/03\/Ostermarsch24_beteiligungstreffen-300x300.jpg 300w, https:\/\/antikriegkoeln.noblogs.org\/files\/2024\/03\/Ostermarsch24_beteiligungstreffen-1024x1024.jpg 1024w, https:\/\/antikriegkoeln.noblogs.org\/files\/2024\/03\/Ostermarsch24_beteiligungstreffen-150x150.jpg 150w, https:\/\/antikriegkoeln.noblogs.org\/files\/2024\/03\/Ostermarsch24_beteiligungstreffen-768x768.jpg 768w, https:\/\/antikriegkoeln.noblogs.org\/files\/2024\/03\/Ostermarsch24_beteiligungstreffen.jpg 1240w\" sizes=\"auto, (max-width: 300px) 100vw, 300px\" \/><\/p>\n","protected":false},"excerpt":{"rendered":"<p>Deutschland r\u00fcstet auf. W\u00e4hrend das gesamte Stadtbild von Bundeswehr Propaganda \u00fcbers\u00e4t ist, die Ampelregierung von \u201eKriegst\u00fcchtigkeit und der leistungsf\u00e4higsten konventionellen Streitkraft in Europa\u201c redet, leiden und sterben unschuldige Zivilist:innen in Pal\u00e4stina, der Ukraine, Russland und unz\u00e4hligen anderen Orten der Welt. \u201eDie Gefahr kommt aus dem Osten\u201c. Diese Annahme ist dank der vorherrschenden Propaganda in der [&hellip;]<\/p>\n","protected":false},"author":19740,"featured_media":37,"comment_status":"closed","ping_status":"closed","sticky":false,"template":"","format":"standard","meta":{"footnotes":""},"categories":[4],"tags":[],"class_list":["post-35","post","type-post","status-publish","format-standard","has-post-thumbnail","hentry","category-aufrufe"],"_links":{"self":[{"href":"https:\/\/antikriegkoeln.noblogs.org\/index.php?rest_route=\/wp\/v2\/posts\/35","targetHints":{"allow":["GET"]}}],"collection":[{"href":"https:\/\/antikriegkoeln.noblogs.org\/index.php?rest_route=\/wp\/v2\/posts"}],"about":[{"href":"https:\/\/antikriegkoeln.noblogs.org\/index.php?rest_route=\/wp\/v2\/types\/post"}],"author":[{"embeddable":true,"href":"https:\/\/antikriegkoeln.noblogs.org\/index.php?rest_route=\/wp\/v2\/users\/19740"}],"replies":[{"embeddable":true,"href":"https:\/\/antikriegkoeln.noblogs.org\/index.php?rest_route=%2Fwp%2Fv2%2Fcomments&post=35"}],"version-history":[{"count":2,"href":"https:\/\/antikriegkoeln.noblogs.org\/index.php?rest_route=\/wp\/v2\/posts\/35\/revisions"}],"predecessor-version":[{"id":50,"href":"https:\/\/antikriegkoeln.noblogs.org\/index.php?rest_route=\/wp\/v2\/posts\/35\/revisions\/50"}],"wp:featuredmedia":[{"embeddable":true,"href":"https:\/\/antikriegkoeln.noblogs.org\/index.php?rest_route=\/wp\/v2\/media\/37"}],"wp:attachment":[{"href":"https:\/\/antikriegkoeln.noblogs.org\/index.php?rest_route=%2Fwp%2Fv2%2Fmedia&parent=35"}],"wp:term":[{"taxonomy":"category","embeddable":true,"href":"https:\/\/antikriegkoeln.noblogs.org\/index.php?rest_route=%2Fwp%2Fv2%2Fcategories&post=35"},{"taxonomy":"post_tag","embeddable":true,"href":"https:\/\/antikriegkoeln.noblogs.org\/index.php?rest_route=%2Fwp%2Fv2%2Ftags&post=35"}],"curies":[{"name":"wp","href":"https:\/\/api.w.org\/{rel}","templated":true}]}}