{"id":342,"date":"2025-12-04T18:26:29","date_gmt":"2025-12-04T17:26:29","guid":{"rendered":"https:\/\/antikriegkoeln.noblogs.org\/?p=342"},"modified":"2025-12-04T18:37:12","modified_gmt":"2025-12-04T17:37:12","slug":"historie-wehrpflicht-und-widerstand","status":"publish","type":"post","link":"https:\/\/antikriegkoeln.noblogs.org\/?p=342","title":{"rendered":"Historie: Wehrpflicht und Widerstand"},"content":{"rendered":"\n<p>Die Wehrpflicht soll nach dem Willen der Deutschen Regierung in den n\u00e4chsten Tagen wieder eingef\u00fchrt werden. Diesen Versuch ordnen wir als Teil verschiedener Ma\u00dfnahmen ein, die das Ziel verfolgen, Deutschland im versch\u00e4rften imperialistischen Konkurrenzkampf um Einflusssph\u00e4ren\u00a0und Absatzm\u00e4rkte handlungs- und wettbewerbsf\u00e4hig zu machen.<\/p>\n\n\n\n<p>Ein erster Schritt in der Auseinandersetzung mit der Wehrpflicht ist der Blick zur\u00fcck.&nbsp;<\/p>\n\n\n\n<p><strong>Einf\u00fchrung und Entwicklung der Wehrpflicht bis zur BRD<\/strong><\/p>\n\n\n\n<p>Im Jahr 1871 wurde das erste Mal die Wehrpflicht in die Reichsverfassung eingef\u00fchrt. Damals musste jeder m\u00e4nnliche Deutsche ab dem 20. Lebensjahr sieben Jahre dienen. Als aktive Soldaten hatten sie kein Wahlrecht, konnten aber gew\u00e4hlt werden.&nbsp; Die Einf\u00fchrung l\u00e4sst sich direkt auf den Deutsch \u2013 Franz\u00f6sischen Krieg von 1870 \u2013 1871 zur\u00fcckf\u00fchren. In diesem Krieg starben 190.000 Soldaten, 230.000 wurden verwundet. Nach der Reichsgr\u00fcndung Bismarcks wurde die Armee in der Gesellschaft deutlich anerkannter und zu einem bedeutenden Teil des Nationalismus gegen die sogenannten \u201eReichsfeinde\u201c.<\/p>\n\n\n\n<p>Mit Beginn des ersten Weltkrieges 1914 dominierte Nationalstolz und Motivation unter den Wehrpflichtigen. Sie standen hinter der Regierung und waren bereit ihre Rolle als Soldaten wahrzunehmen. Die Verluste und die drohende Niederlage Deutschlands, sorgte aber daf\u00fcr, dass viele Soldaten desertierten oder sich direkt gegen die Regierung wandten. Die harte Realit\u00e4t des Krieges ver\u00e4nderte nicht nur die Haltung der Soldaten, sondern auch die der Bev\u00f6lkerung. Eine immer st\u00e4rker werdende Perspektive gegen den imperialistischen Krieg er\u00f6ffnete sich.<\/p>\n\n\n\n<p>F\u00fcr die, die mehr zu der revolution\u00e4ren Zeit rund um 1918 erfahren m\u00f6chten, empfehlen wir die Geschichtsbrosch\u00fcre von Perspekive Kommunismus:\u00a0<a href=\"https:\/\/perspektive-kommunismus.org\/wp-content\/uploads\/2018\/11\/2018_PK_Novemberrevolution_WEB.pdf\">&#8222;Die Novemberrevolution in Deutschland 1918&#8220;<\/a>.<\/p>\n\n\n\n<p>Mit dem Versailler Friedensvertrag wurde die Wehrpflicht in Deutschland abgeschafft und die Reichswehr stark eingeschr\u00e4nkt. Neben der Reichswehr, die nun eine Berufsarmee war, etablierte sich unter dem Schutz der Weimarer Regierung die sogenannten &#8222;Freikorps&#8220;. Die Freikorps waren bewaffnete freiwilligen Verb\u00e4nde, zusammengesetzt aus haupts\u00e4chlich ehemaligen Frontsoldaten mit monarchistischer und rechtskonservativer Einstellung.<\/p>\n\n\n\n<p>W\u00e4hrend die Reichswehr 100.000 Mann umfasste schlossen sich den Freikorps 400.000 Mann an. Eine ihrer gr\u00f6ssten Motivationen war das Verhindern von kommunistischen Umsturzversuchen, so ermordeten rechte Freikorps die Revolution\u00e4r:innen Rosa Luxemburg und Karl Liebknecht 1919 in Berlin. Richtige Konsequenzen f\u00fcr die M\u00f6rder gab es nicht. Die Regierung lies die Freikorps in ihrem Tun mit der Begr\u00fcndung &#8222;Truppe schie\u00dft nicht auf Truppe&#8220; gew\u00e4hren.<\/p>\n\n\n\n<p>In der Zeit des Faschismus wurde die Wehrpflicht trotz des Versailler Vertrages wieder eingef\u00fchrt. Wehrpflichtig waren deutsche M\u00e4nner zwischen 18 und 45 Jahren.&nbsp; Durch Verordnung wurde die Wehrpflicht 1938 auch in \u00d6sterreich eingesetzt. Wer dies verweigerte, wurde fr\u00fcher oder sp\u00e4ter mit dem Tod bestraft.&nbsp;<\/p>\n\n\n\n<p><strong>Wehrpflicht in der BRD<\/strong><\/p>\n\n\n\n<p>In der BRD wurde die Wehrpflicht 1956 eingef\u00fchrt, geregelt ist diese zusammen mit der M\u00f6glichkeit auf Kriegsdienstverweigerung und Ersatzdienst im Grundgesetz.&nbsp;<\/p>\n\n\n\n<p>Nach anhaltender K\u00fcrzungen und langen Debatten wurde 2011 die Wehrpflicht ausgesetzt. Ein Aussetzen bedeutet, dass die entsprechenden Gesetze nicht abgeschafft sind, sondern einfach nicht durchgesetzt werden. Aktuell kann die Bundeswehr auf \u00fcber 180.000 uniformierte Soldat:innen zur\u00fcckgreifen. Anscheinend reicht das aber den Herrschenden nicht aus. Ab 2026 sollen die Wehrpflicht wieder eingef\u00fchrt und junge M\u00e4nner verpflichtend gemustert werden.<\/p>\n\n\n\n<p>Als Antimilitarist:innen stellen wir uns klar gegen die Wehrpflicht und den Aufr\u00fcstungswahn von Milit\u00e4r und Bundesregierung!<\/p>\n\n\n\n<p><strong>Widerstand gegen Wehrpflicht und Milit\u00e4rdienst<\/strong><\/p>\n\n\n\n<p>So alt wie die Wehrpflicht und das Milit\u00e4r ist auch der Widerstand dagegen. Das h\u00e4ufigste Mittel ist wohl das Desertieren, also vor dem Krieg fliehen und unterzutauchen. H\u00e4ufig werden und wurden Deserteure durch\u00a0die Herrschenden mit dem Tod bestraft. Wer in Deutschland keinen Dienst an der Waffe leisten m\u00f6chte, kann Ersatzdienst im sozialen Bereich leisten.<\/p>\n\n\n\n<p>Aktuell formieren sich viele breite B\u00fcndnisse gegen die Wiedereinf\u00fchrung der Wehrpflicht, wir finden es richtig diese zu unterst\u00fctzen. Die drohende Wehrpflicht ist bereits jetzt ein Moment, an dem sich viele j\u00fcngere Menschen politisieren. Wir d\u00fcrfen die Wiedereinf\u00fchrung aber auch nicht isoliert sehen: Deutschland r\u00fcstet sich wieder auf, um aktiv Kriege zu f\u00fchren und, um sich einen Platz an der Spitze der westlichen imperialistischen Staaten zu sichern.&nbsp;<\/p>\n\n\n\n<p>Es ist unsere Aufgabe die Wehrpflicht mit anderen antimilitaristischen Themen und sozialen Fragen in einen Zusammenhang zu stellen &#8211; denn w\u00e4hrend Milliarden f\u00fcr die Bundeswehr ausgegeben werden, spart die Regierung am n\u00f6tigsten f\u00fcr uns als lohnabh\u00e4ngige Klasse.<\/p>\n","protected":false},"excerpt":{"rendered":"<p>Die Wehrpflicht soll nach dem Willen der Deutschen Regierung in den n\u00e4chsten Tagen wieder eingef\u00fchrt werden. Diesen Versuch ordnen wir als Teil verschiedener Ma\u00dfnahmen ein, die das Ziel verfolgen, Deutschland im versch\u00e4rften imperialistischen Konkurrenzkampf um Einflusssph\u00e4ren\u00a0und Absatzm\u00e4rkte handlungs- und wettbewerbsf\u00e4hig zu machen. Ein erster Schritt in der Auseinandersetzung mit der Wehrpflicht ist der Blick zur\u00fcck.&nbsp; [&hellip;]<\/p>\n","protected":false},"author":19740,"featured_media":344,"comment_status":"closed","ping_status":"closed","sticky":false,"template":"","format":"standard","meta":{"footnotes":""},"categories":[6],"tags":[8,22,30,21,29,25],"class_list":["post-342","post","type-post","status-publish","format-standard","has-post-thumbnail","hentry","category-texte-statements","tag-antimilitarismus","tag-koeln","tag-kommunismus","tag-krieg","tag-revolution","tag-wehrpflicht"],"_links":{"self":[{"href":"https:\/\/antikriegkoeln.noblogs.org\/index.php?rest_route=\/wp\/v2\/posts\/342","targetHints":{"allow":["GET"]}}],"collection":[{"href":"https:\/\/antikriegkoeln.noblogs.org\/index.php?rest_route=\/wp\/v2\/posts"}],"about":[{"href":"https:\/\/antikriegkoeln.noblogs.org\/index.php?rest_route=\/wp\/v2\/types\/post"}],"author":[{"embeddable":true,"href":"https:\/\/antikriegkoeln.noblogs.org\/index.php?rest_route=\/wp\/v2\/users\/19740"}],"replies":[{"embeddable":true,"href":"https:\/\/antikriegkoeln.noblogs.org\/index.php?rest_route=%2Fwp%2Fv2%2Fcomments&post=342"}],"version-history":[{"count":1,"href":"https:\/\/antikriegkoeln.noblogs.org\/index.php?rest_route=\/wp\/v2\/posts\/342\/revisions"}],"predecessor-version":[{"id":343,"href":"https:\/\/antikriegkoeln.noblogs.org\/index.php?rest_route=\/wp\/v2\/posts\/342\/revisions\/343"}],"wp:featuredmedia":[{"embeddable":true,"href":"https:\/\/antikriegkoeln.noblogs.org\/index.php?rest_route=\/wp\/v2\/media\/344"}],"wp:attachment":[{"href":"https:\/\/antikriegkoeln.noblogs.org\/index.php?rest_route=%2Fwp%2Fv2%2Fmedia&parent=342"}],"wp:term":[{"taxonomy":"category","embeddable":true,"href":"https:\/\/antikriegkoeln.noblogs.org\/index.php?rest_route=%2Fwp%2Fv2%2Fcategories&post=342"},{"taxonomy":"post_tag","embeddable":true,"href":"https:\/\/antikriegkoeln.noblogs.org\/index.php?rest_route=%2Fwp%2Fv2%2Ftags&post=342"}],"curies":[{"name":"wp","href":"https:\/\/api.w.org\/{rel}","templated":true}]}}