{"id":298,"date":"2025-07-30T18:08:59","date_gmt":"2025-07-30T16:08:59","guid":{"rendered":"https:\/\/antikriegkoeln.noblogs.org\/?p=298"},"modified":"2025-09-23T16:33:13","modified_gmt":"2025-09-23T14:33:13","slug":"rheinmetall-entwaffnen-bedeutet-revolutionaerer-antimilitarismus","status":"publish","type":"post","link":"https:\/\/antikriegkoeln.noblogs.org\/?p=298","title":{"rendered":"Rheinmetall Entwaffnen bedeutet: Revolution\u00e4rer Antimilitarismus"},"content":{"rendered":"<figure class=\"wp-block-post-featured-image\"><img loading=\"lazy\" decoding=\"async\" width=\"1080\" height=\"1350\" src=\"https:\/\/antikriegkoeln.noblogs.org\/files\/2025\/07\/Sharepic.jpg\" class=\"attachment-post-thumbnail size-post-thumbnail wp-post-image\" alt=\"\" style=\"object-fit:cover;\" srcset=\"https:\/\/antikriegkoeln.noblogs.org\/files\/2025\/07\/Sharepic.jpg 1080w, https:\/\/antikriegkoeln.noblogs.org\/files\/2025\/07\/Sharepic-240x300.jpg 240w, https:\/\/antikriegkoeln.noblogs.org\/files\/2025\/07\/Sharepic-819x1024.jpg 819w, https:\/\/antikriegkoeln.noblogs.org\/files\/2025\/07\/Sharepic-768x960.jpg 768w\" sizes=\"auto, (max-width: 1080px) 100vw, 1080px\" \/><\/figure>\n\n\n<p>In weniger als einem Monat startet die Rheinmetall Entwaffnen Aktionswoche hier bei uns in K\u00f6ln. <\/p>\n\n\n\n<p>Doch was bedeutet das f\u00fcr uns? Wir sagen Rheinmetall Entwaffnen bedeutet: Revolution\u00e4rer Antimilitarismus! Bei dieser Veranstaltung wollen wir dar\u00fcber sprechen, was das in der Praxis hei\u00dft und alle wichtigen Infos und Fragen zum anstehenden Camp kl\u00e4ren. <\/p>\n\n\n\n<p>Dieser Vortrag richtet sich an alle, die Lust haben antimilitaristisch aktiv zu werden und ein Teil der Aktionswoche vom 26.08. &#8211; 31.08. zu sein. <\/p>\n\n\n\n<p>Kommt vorbei und bringt eure Freund:innen, Familie und Genoss:innen mit!<\/p>\n","protected":false},"excerpt":{"rendered":"<p>In weniger als einem Monat startet die Rheinmetall Entwaffnen Aktionswoche hier bei uns in K\u00f6ln. Doch was bedeutet das f\u00fcr uns? Wir sagen Rheinmetall Entwaffnen bedeutet: Revolution\u00e4rer Antimilitarismus! Bei dieser Veranstaltung wollen wir dar\u00fcber sprechen, was das in der Praxis hei\u00dft und alle wichtigen Infos und Fragen zum anstehenden Camp kl\u00e4ren. Dieser Vortrag richtet sich [&hellip;]<\/p>\n","protected":false},"author":19740,"featured_media":299,"comment_status":"closed","ping_status":"closed","sticky":false,"template":"","format":"standard","meta":{"footnotes":""},"categories":[4],"tags":[8,22,30,21,29,23,31],"class_list":["post-298","post","type-post","status-publish","format-standard","has-post-thumbnail","hentry","category-aufrufe","tag-antimilitarismus","tag-koeln","tag-kommunismus","tag-krieg","tag-revolution","tag-rheinmetallentwaffnen","tag-vortrag"],"_links":{"self":[{"href":"https:\/\/antikriegkoeln.noblogs.org\/index.php?rest_route=\/wp\/v2\/posts\/298","targetHints":{"allow":["GET"]}}],"collection":[{"href":"https:\/\/antikriegkoeln.noblogs.org\/index.php?rest_route=\/wp\/v2\/posts"}],"about":[{"href":"https:\/\/antikriegkoeln.noblogs.org\/index.php?rest_route=\/wp\/v2\/types\/post"}],"author":[{"embeddable":true,"href":"https:\/\/antikriegkoeln.noblogs.org\/index.php?rest_route=\/wp\/v2\/users\/19740"}],"replies":[{"embeddable":true,"href":"https:\/\/antikriegkoeln.noblogs.org\/index.php?rest_route=%2Fwp%2Fv2%2Fcomments&post=298"}],"version-history":[{"count":1,"href":"https:\/\/antikriegkoeln.noblogs.org\/index.php?rest_route=\/wp\/v2\/posts\/298\/revisions"}],"predecessor-version":[{"id":300,"href":"https:\/\/antikriegkoeln.noblogs.org\/index.php?rest_route=\/wp\/v2\/posts\/298\/revisions\/300"}],"wp:featuredmedia":[{"embeddable":true,"href":"https:\/\/antikriegkoeln.noblogs.org\/index.php?rest_route=\/wp\/v2\/media\/299"}],"wp:attachment":[{"href":"https:\/\/antikriegkoeln.noblogs.org\/index.php?rest_route=%2Fwp%2Fv2%2Fmedia&parent=298"}],"wp:term":[{"taxonomy":"category","embeddable":true,"href":"https:\/\/antikriegkoeln.noblogs.org\/index.php?rest_route=%2Fwp%2Fv2%2Fcategories&post=298"},{"taxonomy":"post_tag","embeddable":true,"href":"https:\/\/antikriegkoeln.noblogs.org\/index.php?rest_route=%2Fwp%2Fv2%2Ftags&post=298"}],"curies":[{"name":"wp","href":"https:\/\/api.w.org\/{rel}","templated":true}]}}