{"id":281,"date":"2025-07-30T17:38:58","date_gmt":"2025-07-30T15:38:58","guid":{"rendered":"https:\/\/antikriegkoeln.noblogs.org\/?p=281"},"modified":"2025-07-30T17:58:45","modified_gmt":"2025-07-30T15:58:45","slug":"packliste-rheinmetall-entwaffnen-koeln","status":"publish","type":"post","link":"https:\/\/antikriegkoeln.noblogs.org\/?p=281","title":{"rendered":"Packliste &#8211; Rheinmetall Entwaffnen K\u00f6ln"},"content":{"rendered":"\n<p>In einem Monat ist es soweit: Vom 26.08. &#8211; 31.08. findet das Rheinmetall Entwaffnen Camp und die dazugeh\u00f6rige Aktionswoche hier in K\u00f6ln statt!<\/p>\n\n\n\n<p>Damit ihr gut vorbereitet anreisen k\u00f6nnt und eine angenehme Campzeit verbringen k\u00f6nnt, haben wir f\u00fcr euch eine Packliste zusammengestellt.<\/p>\n\n\n\n<p>Ihr k\u00f6nnt euch die Listen hier bequem ausdrucken:<\/p>\n\n\n\n<figure class=\"wp-block-gallery has-nested-images columns-default is-cropped wp-block-gallery-1 is-layout-flex wp-block-gallery-is-layout-flex\">\n<figure class=\"wp-block-image size-large\"><img loading=\"lazy\" decoding=\"async\" width=\"819\" height=\"1024\" data-id=\"285\" src=\"https:\/\/antikriegkoeln.noblogs.org\/files\/2025\/07\/523783233_17903438931225462_8719283978959197701_n-819x1024.jpg\" alt=\"\" class=\"wp-image-285\" srcset=\"https:\/\/antikriegkoeln.noblogs.org\/files\/2025\/07\/523783233_17903438931225462_8719283978959197701_n-819x1024.jpg 819w, https:\/\/antikriegkoeln.noblogs.org\/files\/2025\/07\/523783233_17903438931225462_8719283978959197701_n-240x300.jpg 240w, https:\/\/antikriegkoeln.noblogs.org\/files\/2025\/07\/523783233_17903438931225462_8719283978959197701_n-768x960.jpg 768w, https:\/\/antikriegkoeln.noblogs.org\/files\/2025\/07\/523783233_17903438931225462_8719283978959197701_n.jpg 1080w\" sizes=\"auto, (max-width: 819px) 100vw, 819px\" \/><\/figure>\n\n\n\n<figure class=\"wp-block-image size-large\"><img loading=\"lazy\" decoding=\"async\" width=\"819\" height=\"1024\" data-id=\"283\" src=\"https:\/\/antikriegkoeln.noblogs.org\/files\/2025\/07\/525081832_17903438940225462_7870422954891184020_n-819x1024.jpg\" alt=\"\" class=\"wp-image-283\" srcset=\"https:\/\/antikriegkoeln.noblogs.org\/files\/2025\/07\/525081832_17903438940225462_7870422954891184020_n-819x1024.jpg 819w, https:\/\/antikriegkoeln.noblogs.org\/files\/2025\/07\/525081832_17903438940225462_7870422954891184020_n-240x300.jpg 240w, https:\/\/antikriegkoeln.noblogs.org\/files\/2025\/07\/525081832_17903438940225462_7870422954891184020_n-768x960.jpg 768w, https:\/\/antikriegkoeln.noblogs.org\/files\/2025\/07\/525081832_17903438940225462_7870422954891184020_n.jpg 1080w\" sizes=\"auto, (max-width: 819px) 100vw, 819px\" \/><\/figure>\n\n\n\n<figure class=\"wp-block-image size-large\"><img loading=\"lazy\" decoding=\"async\" width=\"819\" height=\"1024\" data-id=\"286\" src=\"https:\/\/antikriegkoeln.noblogs.org\/files\/2025\/07\/523526726_17903438949225462_6171575250660689740_n-819x1024.jpg\" alt=\"\" class=\"wp-image-286\" srcset=\"https:\/\/antikriegkoeln.noblogs.org\/files\/2025\/07\/523526726_17903438949225462_6171575250660689740_n-819x1024.jpg 819w, https:\/\/antikriegkoeln.noblogs.org\/files\/2025\/07\/523526726_17903438949225462_6171575250660689740_n-240x300.jpg 240w, https:\/\/antikriegkoeln.noblogs.org\/files\/2025\/07\/523526726_17903438949225462_6171575250660689740_n-768x960.jpg 768w, https:\/\/antikriegkoeln.noblogs.org\/files\/2025\/07\/523526726_17903438949225462_6171575250660689740_n.jpg 1080w\" sizes=\"auto, (max-width: 819px) 100vw, 819px\" \/><\/figure>\n\n\n\n<figure class=\"wp-block-image size-large\"><img loading=\"lazy\" decoding=\"async\" width=\"819\" height=\"1024\" data-id=\"287\" src=\"https:\/\/antikriegkoeln.noblogs.org\/files\/2025\/07\/523902560_17903438958225462_2503243058546717272_n-819x1024.jpg\" alt=\"\" class=\"wp-image-287\" srcset=\"https:\/\/antikriegkoeln.noblogs.org\/files\/2025\/07\/523902560_17903438958225462_2503243058546717272_n-819x1024.jpg 819w, https:\/\/antikriegkoeln.noblogs.org\/files\/2025\/07\/523902560_17903438958225462_2503243058546717272_n-240x300.jpg 240w, https:\/\/antikriegkoeln.noblogs.org\/files\/2025\/07\/523902560_17903438958225462_2503243058546717272_n-768x960.jpg 768w, https:\/\/antikriegkoeln.noblogs.org\/files\/2025\/07\/523902560_17903438958225462_2503243058546717272_n.jpg 1080w\" sizes=\"auto, (max-width: 819px) 100vw, 819px\" \/><\/figure>\n\n\n\n<figure class=\"wp-block-image size-large\"><img loading=\"lazy\" decoding=\"async\" width=\"819\" height=\"1024\" data-id=\"288\" src=\"https:\/\/antikriegkoeln.noblogs.org\/files\/2025\/07\/524970011_17903438967225462_2434632306207529594_n-819x1024.jpg\" alt=\"\" class=\"wp-image-288\" srcset=\"https:\/\/antikriegkoeln.noblogs.org\/files\/2025\/07\/524970011_17903438967225462_2434632306207529594_n-819x1024.jpg 819w, https:\/\/antikriegkoeln.noblogs.org\/files\/2025\/07\/524970011_17903438967225462_2434632306207529594_n-240x300.jpg 240w, https:\/\/antikriegkoeln.noblogs.org\/files\/2025\/07\/524970011_17903438967225462_2434632306207529594_n-768x960.jpg 768w, https:\/\/antikriegkoeln.noblogs.org\/files\/2025\/07\/524970011_17903438967225462_2434632306207529594_n.jpg 1080w\" sizes=\"auto, (max-width: 819px) 100vw, 819px\" \/><\/figure>\n<\/figure>\n\n\n\n<p>Wir sehen uns im August auf dem Camp in K\u00f6ln!<\/p>\n","protected":false},"excerpt":{"rendered":"<p>In einem Monat ist es soweit: Vom 26.08. &#8211; 31.08. findet das Rheinmetall Entwaffnen Camp und die dazugeh\u00f6rige Aktionswoche hier in K\u00f6ln statt! Damit ihr gut vorbereitet anreisen k\u00f6nnt und eine angenehme Campzeit verbringen k\u00f6nnt, haben wir f\u00fcr euch eine Packliste zusammengestellt. Ihr k\u00f6nnt euch die Listen hier bequem ausdrucken: Wir sehen uns im August [&hellip;]<\/p>\n","protected":false},"author":19740,"featured_media":284,"comment_status":"closed","ping_status":"closed","sticky":false,"template":"","format":"standard","meta":{"footnotes":""},"categories":[4],"tags":[8,28,22,21,23],"class_list":["post-281","post","type-post","status-publish","format-standard","has-post-thumbnail","hentry","category-aufrufe","tag-antimilitarismus","tag-camping","tag-koeln","tag-krieg","tag-rheinmetallentwaffnen"],"_links":{"self":[{"href":"https:\/\/antikriegkoeln.noblogs.org\/index.php?rest_route=\/wp\/v2\/posts\/281","targetHints":{"allow":["GET"]}}],"collection":[{"href":"https:\/\/antikriegkoeln.noblogs.org\/index.php?rest_route=\/wp\/v2\/posts"}],"about":[{"href":"https:\/\/antikriegkoeln.noblogs.org\/index.php?rest_route=\/wp\/v2\/types\/post"}],"author":[{"embeddable":true,"href":"https:\/\/antikriegkoeln.noblogs.org\/index.php?rest_route=\/wp\/v2\/users\/19740"}],"replies":[{"embeddable":true,"href":"https:\/\/antikriegkoeln.noblogs.org\/index.php?rest_route=%2Fwp%2Fv2%2Fcomments&post=281"}],"version-history":[{"count":3,"href":"https:\/\/antikriegkoeln.noblogs.org\/index.php?rest_route=\/wp\/v2\/posts\/281\/revisions"}],"predecessor-version":[{"id":297,"href":"https:\/\/antikriegkoeln.noblogs.org\/index.php?rest_route=\/wp\/v2\/posts\/281\/revisions\/297"}],"wp:featuredmedia":[{"embeddable":true,"href":"https:\/\/antikriegkoeln.noblogs.org\/index.php?rest_route=\/wp\/v2\/media\/284"}],"wp:attachment":[{"href":"https:\/\/antikriegkoeln.noblogs.org\/index.php?rest_route=%2Fwp%2Fv2%2Fmedia&parent=281"}],"wp:term":[{"taxonomy":"category","embeddable":true,"href":"https:\/\/antikriegkoeln.noblogs.org\/index.php?rest_route=%2Fwp%2Fv2%2Fcategories&post=281"},{"taxonomy":"post_tag","embeddable":true,"href":"https:\/\/antikriegkoeln.noblogs.org\/index.php?rest_route=%2Fwp%2Fv2%2Ftags&post=281"}],"curies":[{"name":"wp","href":"https:\/\/api.w.org\/{rel}","templated":true}]}}