{"id":267,"date":"2025-07-08T12:43:27","date_gmt":"2025-07-08T10:43:27","guid":{"rendered":"https:\/\/antikriegkoeln.noblogs.org\/?p=267"},"modified":"2025-07-30T17:54:46","modified_gmt":"2025-07-30T15:54:46","slug":"auswertung-demo-gegen-den-tag-der-bundeswehr","status":"publish","type":"post","link":"https:\/\/antikriegkoeln.noblogs.org\/?p=267","title":{"rendered":"Demobericht: Demo gegen den Tag der Bundeswehr"},"content":{"rendered":"<figure class=\"wp-block-post-featured-image\"><img loading=\"lazy\" decoding=\"async\" width=\"1080\" height=\"1350\" src=\"https:\/\/antikriegkoeln.noblogs.org\/files\/2025\/07\/503983023_17899925907225462_4321819799152084929_n.jpg\" class=\"attachment-post-thumbnail size-post-thumbnail wp-post-image\" alt=\"\" style=\"object-fit:cover;\" srcset=\"https:\/\/antikriegkoeln.noblogs.org\/files\/2025\/07\/503983023_17899925907225462_4321819799152084929_n.jpg 1080w, https:\/\/antikriegkoeln.noblogs.org\/files\/2025\/07\/503983023_17899925907225462_4321819799152084929_n-240x300.jpg 240w, https:\/\/antikriegkoeln.noblogs.org\/files\/2025\/07\/503983023_17899925907225462_4321819799152084929_n-819x1024.jpg 819w, https:\/\/antikriegkoeln.noblogs.org\/files\/2025\/07\/503983023_17899925907225462_4321819799152084929_n-768x960.jpg 768w\" sizes=\"auto, (max-width: 1080px) 100vw, 1080px\" \/><\/figure>\n\n\n<p>Am 28. Juli war der Tag der Bundeswehr. In vielen St\u00e4dten \u00f6ffnete die Bundeswehr ihre Kasernentore, um die Kriegspropaganda weiter salonf\u00e4hig zu machen und das M\u00e4rchen von der Notwendigkeit einer wehrf\u00e4higen deutschen Armee zur Verteidigung der &#8222;Demokratie&#8220; in die Gesellschaft zu tragen.<\/p>\n\n\n\n<p>Die vergangenen Eins\u00e4tze der Bundeswehr in Afghanistan oder Mali machen den Charakter und Zweck des deutschen Milit\u00e4rs deutlich: Es verteidigt die Interessen des deutschen Kapitals weltweit. <\/p>\n\n\n\n<p>Deshalb haben wir eine Demonstration gemacht, an der sich ca. 30 Antimilitarist:innen beteiligten. Wir zogen durch Porz-Wahn und haben mit Parolen und Redebeitr\u00e4gen klar gemacht, dass wir kein Interesse an den Kriegen der Herrschenden haben und deshalb auch nicht f\u00fcr ihre Interessen t\u00f6ten oder sterben werden. <\/p>\n\n\n\n<figure class=\"wp-block-image size-large\"><img loading=\"lazy\" decoding=\"async\" width=\"819\" height=\"1024\" src=\"https:\/\/antikriegkoeln.noblogs.org\/files\/2025\/07\/509733551_17899925928225462_5597051406287086916_n-819x1024.jpg\" alt=\"\" class=\"wp-image-269\" srcset=\"https:\/\/antikriegkoeln.noblogs.org\/files\/2025\/07\/509733551_17899925928225462_5597051406287086916_n-819x1024.jpg 819w, https:\/\/antikriegkoeln.noblogs.org\/files\/2025\/07\/509733551_17899925928225462_5597051406287086916_n-240x300.jpg 240w, https:\/\/antikriegkoeln.noblogs.org\/files\/2025\/07\/509733551_17899925928225462_5597051406287086916_n-768x960.jpg 768w, https:\/\/antikriegkoeln.noblogs.org\/files\/2025\/07\/509733551_17899925928225462_5597051406287086916_n.jpg 1080w\" sizes=\"auto, (max-width: 819px) 100vw, 819px\" \/><\/figure>\n\n\n\n<p>W\u00e4hrend die Kaserne gut besucht war und mehrere Hunderte der Einladung der Bundeswehr nachkamen, m\u00fcssen wir selbstkritisch einr\u00e4umen, dass die antimilitarischtische Bewegung noch viel vor sich hat. Wir m\u00fcssen einen Umgang damit entwickeln, dass die Militarisierung in Deutschland aktuell nicht dazu f\u00fchrt, dass die Menschen massenhaft auf die Stra\u00dfe gehen und gegen den Kriegskurs akiv werden. <\/p>\n\n\n\n<figure class=\"wp-block-image size-large\"><img loading=\"lazy\" decoding=\"async\" width=\"819\" height=\"1024\" src=\"https:\/\/antikriegkoeln.noblogs.org\/files\/2025\/07\/504022871_17899925946225462_4207866258008021279_n-819x1024.jpg\" alt=\"\" class=\"wp-image-271\" srcset=\"https:\/\/antikriegkoeln.noblogs.org\/files\/2025\/07\/504022871_17899925946225462_4207866258008021279_n-819x1024.jpg 819w, https:\/\/antikriegkoeln.noblogs.org\/files\/2025\/07\/504022871_17899925946225462_4207866258008021279_n-240x300.jpg 240w, https:\/\/antikriegkoeln.noblogs.org\/files\/2025\/07\/504022871_17899925946225462_4207866258008021279_n-768x960.jpg 768w, https:\/\/antikriegkoeln.noblogs.org\/files\/2025\/07\/504022871_17899925946225462_4207866258008021279_n.jpg 1080w\" sizes=\"auto, (max-width: 819px) 100vw, 819px\" \/><\/figure>\n\n\n\n<p>Umso wichtiger ist es, dass wir weiterhin aktiv bleiben und antimilitaristische Positionen im \u00f6ffentlichen Raum sichtbar machen. Der Kampf gegen den deutschen Kriegskurs ist keineswegs aussichtslos. <\/p>\n\n\n\n<p>Deshalb: Organisiert euch bei unserem offenen Treffen und kommt Ende August zum RheinmetallEntwaffnen Protestcamp ( <a href=\"https:\/\/rheinmetallentwaffnen.noblogs.org\/\" data-type=\"link\" data-id=\"https:\/\/rheinmetallentwaffnen.noblogs.org\/\">https:\/\/rheinmetallentwaffnen.noblogs.org\/<\/a> ) hier in K\u00f6ln!<\/p>\n\n\n\n<p><\/p>\n","protected":false},"excerpt":{"rendered":"<p>Am 28. Juli war der Tag der Bundeswehr. In vielen St\u00e4dten \u00f6ffnete die Bundeswehr ihre Kasernentore, um die Kriegspropaganda weiter salonf\u00e4hig zu machen und das M\u00e4rchen von der Notwendigkeit einer wehrf\u00e4higen deutschen Armee zur Verteidigung der &#8222;Demokratie&#8220; in die Gesellschaft zu tragen. Die vergangenen Eins\u00e4tze der Bundeswehr in Afghanistan oder Mali machen den Charakter und [&hellip;]<\/p>\n","protected":false},"author":19740,"featured_media":268,"comment_status":"closed","ping_status":"closed","sticky":false,"template":"","format":"standard","meta":{"footnotes":""},"categories":[5,6],"tags":[8,22,21,23,24,25],"class_list":["post-267","post","type-post","status-publish","format-standard","has-post-thumbnail","hentry","category-aktionen","category-texte-statements","tag-antimilitarismus","tag-koeln","tag-krieg","tag-rheinmetallentwaffnen","tag-tag-der-bundeswehr","tag-wehrpflicht"],"_links":{"self":[{"href":"https:\/\/antikriegkoeln.noblogs.org\/index.php?rest_route=\/wp\/v2\/posts\/267","targetHints":{"allow":["GET"]}}],"collection":[{"href":"https:\/\/antikriegkoeln.noblogs.org\/index.php?rest_route=\/wp\/v2\/posts"}],"about":[{"href":"https:\/\/antikriegkoeln.noblogs.org\/index.php?rest_route=\/wp\/v2\/types\/post"}],"author":[{"embeddable":true,"href":"https:\/\/antikriegkoeln.noblogs.org\/index.php?rest_route=\/wp\/v2\/users\/19740"}],"replies":[{"embeddable":true,"href":"https:\/\/antikriegkoeln.noblogs.org\/index.php?rest_route=%2Fwp%2Fv2%2Fcomments&post=267"}],"version-history":[{"count":4,"href":"https:\/\/antikriegkoeln.noblogs.org\/index.php?rest_route=\/wp\/v2\/posts\/267\/revisions"}],"predecessor-version":[{"id":295,"href":"https:\/\/antikriegkoeln.noblogs.org\/index.php?rest_route=\/wp\/v2\/posts\/267\/revisions\/295"}],"wp:featuredmedia":[{"embeddable":true,"href":"https:\/\/antikriegkoeln.noblogs.org\/index.php?rest_route=\/wp\/v2\/media\/268"}],"wp:attachment":[{"href":"https:\/\/antikriegkoeln.noblogs.org\/index.php?rest_route=%2Fwp%2Fv2%2Fmedia&parent=267"}],"wp:term":[{"taxonomy":"category","embeddable":true,"href":"https:\/\/antikriegkoeln.noblogs.org\/index.php?rest_route=%2Fwp%2Fv2%2Fcategories&post=267"},{"taxonomy":"post_tag","embeddable":true,"href":"https:\/\/antikriegkoeln.noblogs.org\/index.php?rest_route=%2Fwp%2Fv2%2Ftags&post=267"}],"curies":[{"name":"wp","href":"https:\/\/api.w.org\/{rel}","templated":true}]}}