{"id":230,"date":"2025-06-14T23:59:00","date_gmt":"2025-06-14T21:59:00","guid":{"rendered":"https:\/\/antikriegkoeln.noblogs.org\/?p=230"},"modified":"2025-06-11T23:18:04","modified_gmt":"2025-06-11T21:18:04","slug":"bundesweiter-veteranentag-militarisierung-und-kriegspropaganda-bekaempfen","status":"publish","type":"post","link":"https:\/\/antikriegkoeln.noblogs.org\/?p=230","title":{"rendered":"Bundesweiter &#8222;Veteranentag&#8220; &#8211; Militarisierung und Kriegspropaganda bek\u00e4mpfen!"},"content":{"rendered":"\n<p>Erst letzte Woche (04.06.2025) haben drei Nachkriegsbomben hier in K\u00f6ln wieder einmal f\u00fcr stundenlange Evakuierungen gesorgt. Auch 80 Jahre nach Ende des zweiten Weltkrieges sind seine Folgen noch sp\u00fcrbar.<\/p>\n\n\n\n<p>&#8222;Mit Sozialleistungen l\u00e4sst sich dieses Land nicht verteidigen&#8220;, so Boris Pistorius. Deutschland r\u00fcstet auf, so stark wie zuletzt seit dem Hitler-Faschismus. Um marode Schulen, mangelhafte Krankenversorgung und immer weiter sinkenden Lebensstandard von arbeitenden Menschen zu rechtfertigen braucht es eins: Kriegspropaganda. Denn aus den brachialen Sparma\u00dfnahmen im sozialen und \u00f6ffentlichen Bereich werden Kampfjets, neue Kasernen und Panzer finanziert.<\/p>\n\n\n\n<p>In allen Lebenssituation sp\u00fcrt man die erstarkende Militarisierung unserer Gesellschaft. Egal wo man hingeht, \u00fcberall h\u00e4ngen Werbeplakate der Bundeswehr. Vor Werbung in Schulen wird auch nicht Halt gemacht. Berufs- und Gamingmessen werden als Anwerbefl\u00e4che genutzt. Im Fitnessstudio, vor den Fu\u00dfballstadien, als D\u00f6nerverpackung: Die Bundeswehr ist \u00fcberall. In Talkshows werden Waffenlieferungen an autorit\u00e4re und faschistische Regime gerechtfertigt. Abends in der Tagesschau dann die Legitimierung des Genozids am pal\u00e4stinensischen Volk.&nbsp;<\/p>\n\n\n\n<p>Neu in diesem Jahr: Der Veteranentag. Die Message dahinter: F\u00fcr die geopolitischen Interessen imperialer Staaten in den Krieg zu ziehen, soll als mutig und heldenhaft dargestellt werden.<\/p>\n\n\n\n<p>Das alles w\u00e4hrend j\u00e4hrlich Unmengen an Waffen, Munition und Sprengstoff entwendet werden, was immer wieder auf Soldaten mit rechtsextremer Gesinnung zur\u00fcckzuf\u00fchren ist. Das sind keine Einzelf\u00e4lle, sondern zeigt die gefestigten Nazi-Strukturen innerhalb der Bundeswehr.&nbsp;<\/p>\n\n\n\n<p>Zu Recht fragt man sich au\u00dferdem &#8222;Welche Veteranen werden da eigentlich geehrt?&#8220;. Die Antwort auf diese Frage macht schnell bewusst, dass die Zeit der sogenannten Erinnerungskultur Deutschlands wohl vorr\u00fcber ist: 2025 werden in Deutschland wieder Kriegsverbrechen an J\u00fcd:innen, Russ:innen, Sinti &amp; Roma, Franz\u00f6s:innen, Kommunist:innen uvm. geehrt. Die Rolle des faschistischen Deutschlands im zweiten Weltkrieg wird somit nicht nur relativiert, sondern aktiv zu Gunsten der Heldenerz\u00e4hlung &#8222;unserer tapferen Veteranen&#8220; verdreht.&nbsp;<\/p>\n\n\n\n<p>W\u00e4hrend von uns also nicht nur Zustimmung, sondern auch Beteiligung an den imperialistischen Kriegen der Herrschenden gefordert wird, klingeln die Kassen der R\u00fcstungs- und \u00d6lgiganten durch Waffendeals und Ressourcenausbeutung in Kriegsgebieten. Auf dem R\u00fccken der arbeitenden Bev\u00f6lkerung werden dicke Profite eingestrichen und die Taschen der Herrschenden und Kriegsprofiteure voll gemacht.&nbsp;<\/p>\n\n\n\n<p>Und gegen wen sollen wir denn eigentlich in den Krieg ziehen? Gegen die Leute, die das gleiche Schicksal, wie uns ereilt. Die nichts von uns unterscheidet, au\u00dfer der Ort unserer Geburt. Wer k\u00e4mpft an der ukrainischen Front? Eingezogene Arbeiter:innen. Wer k\u00e4mpft an der russischen Front? Eingezogene Arbeiter:innen. In ihren Kriegen sterben wir, f\u00fcr die Interessen der Herrschenden und Bonzen.<\/p>\n\n\n\n<p>Andauernde mediale und politische Hetzkampagnen gegen Menschen anderer Herkunft sind daf\u00fcr da, um zu spalten und abzulenken. So werden f\u00fcr komplexe gesellschaftliche und \u00f6konomische Probleme in Gefl\u00fcchteten und Menschen mit Migrationshintergrund vermeintliche S\u00fcndenb\u00f6cke gefunden. Diese Spaltung wird in gro\u00dfen Teilen seitens der b\u00fcrgerlichen Presse vorangetrieben, genauso wie die Propaganda f\u00fcr Aufr\u00fcstung und Militarisierung.&nbsp;<\/p>\n\n\n\n<p>Denn Abschottungspolitik und Aufr\u00fcstung nach Au\u00dfen erfordern ebenfalls Stabilit\u00e4tsmechanismen im Innern, die dabei helfen sollen die Politik nach Au\u00dfen mitzutragen. Dies k\u00f6nnen wir deutlich durch die Hochr\u00fcstung der Polizei und Ausweitung der Befugnisse zur staatlichen \u00dcberwachung erkennen. Ebenfalls soll in der deutschen Bev\u00f6lkerung durch die Einschw\u00f6rung auf bestimmte Feindbilder (&#8222;Die Russen, die Gefl\u00fcchteten usw.&#8220;) eine St\u00e4rkung des Nationalgef\u00fchls veranlasst werden.&nbsp;<\/p>\n\n\n\n<p>Wir sehen also, dass rechte (im vorangeschrittenen Stadium auch faschistische) Ideologie und eine Militarisierung der Gesellschaft\/des Staates keine Gegens\u00e4tze sind. Im Gegenteil, sie wirken verst\u00e4rkend aufeinander.&nbsp;&nbsp;<\/p>\n\n\n\n<p>Der Veteranantag muss hierbei als Propaganda im Kampf um die K\u00f6pfe gesehen werden, die eine Normalisierung der voranschreitenden Militarisierung und erstarkender autorit\u00e4rer Herrschaft verfolgt.<\/p>\n\n\n\n<p>F\u00fcr uns ist klar: Der Kapitalismus ist ein krisenhaftes System, welches nat\u00fcrlicherweise und regelm\u00e4\u00dfig Kriege hervorruft. Diese Kriege lenken in Zeiten, in denen die Klassenunterschiede besonders deutlich werden, von eben diesen ab und versuchen stattdessen die Bev\u00f6lkerung gegen einen vermeintlichen Feind von au\u00dfen aufzubringen. Gleichzeitig verdienen sich R\u00fcstungskonzerne und Manager weiterer Industriezweige durch Waffendeals und Ressourcenausbeutung eine goldene Nase. Die verschiedenen deutschen, b\u00fcrgerlichen Medienh\u00e4user \u00fcbernehmen dabei die Aufgabe, uns fr\u00fch genug auf solche Kriege einzustimmen. Die erstarkende Blockkonfrontation verdeutlicht nochmals: Die BRD soll wieder eine starke Imperialmacht werden.&nbsp;<\/p>\n\n\n\n<p>Nur Revolutionen beenden Kriege und nur die \u00dcberwindung dieses krisenhaften Systems kann wahre Befreiung und echten Frieden bringen.&nbsp;<\/p>\n\n\n\n<p>Schlie\u00dft euch an im Kampf gegen ihre Kriege und Aufr\u00fcstung:&nbsp;<\/p>\n\n\n\n<p><strong>-&gt; Demo gegen den &#8222;Tag der Bundeswehr&#8220;\/\/ K\u00f6ln-Wahn (S-Bahn) \/\/ 13 Uhr \/\/ 28.06.<\/strong><\/p>\n\n\n\n<p><strong>-&gt; RheinmetallEntwaffnen Camp in K\u00f6ln \/\/ Carola-Williams Park \/\/ 26.08.-31.08.<\/strong><\/p>\n\n\n\n<p>Antimilitarismus in die Offensive!<\/p>\n","protected":false},"excerpt":{"rendered":"<p>Erst letzte Woche (04.06.2025) haben drei Nachkriegsbomben hier in K\u00f6ln wieder einmal f\u00fcr stundenlange Evakuierungen gesorgt. Auch 80 Jahre nach Ende des zweiten Weltkrieges sind seine Folgen noch sp\u00fcrbar. &#8222;Mit Sozialleistungen l\u00e4sst sich dieses Land nicht verteidigen&#8220;, so Boris Pistorius. Deutschland r\u00fcstet auf, so stark wie zuletzt seit dem Hitler-Faschismus. Um marode Schulen, mangelhafte Krankenversorgung [&hellip;]<\/p>\n","protected":false},"author":19740,"featured_media":231,"comment_status":"closed","ping_status":"closed","sticky":false,"template":"","format":"standard","meta":{"footnotes":""},"categories":[4,6],"tags":[8,22,21,23,24,20],"class_list":["post-230","post","type-post","status-publish","format-standard","has-post-thumbnail","hentry","category-aufrufe","category-texte-statements","tag-antimilitarismus","tag-koeln","tag-krieg","tag-rheinmetallentwaffnen","tag-tag-der-bundeswehr","tag-veteranentag"],"_links":{"self":[{"href":"https:\/\/antikriegkoeln.noblogs.org\/index.php?rest_route=\/wp\/v2\/posts\/230","targetHints":{"allow":["GET"]}}],"collection":[{"href":"https:\/\/antikriegkoeln.noblogs.org\/index.php?rest_route=\/wp\/v2\/posts"}],"about":[{"href":"https:\/\/antikriegkoeln.noblogs.org\/index.php?rest_route=\/wp\/v2\/types\/post"}],"author":[{"embeddable":true,"href":"https:\/\/antikriegkoeln.noblogs.org\/index.php?rest_route=\/wp\/v2\/users\/19740"}],"replies":[{"embeddable":true,"href":"https:\/\/antikriegkoeln.noblogs.org\/index.php?rest_route=%2Fwp%2Fv2%2Fcomments&post=230"}],"version-history":[{"count":1,"href":"https:\/\/antikriegkoeln.noblogs.org\/index.php?rest_route=\/wp\/v2\/posts\/230\/revisions"}],"predecessor-version":[{"id":232,"href":"https:\/\/antikriegkoeln.noblogs.org\/index.php?rest_route=\/wp\/v2\/posts\/230\/revisions\/232"}],"wp:featuredmedia":[{"embeddable":true,"href":"https:\/\/antikriegkoeln.noblogs.org\/index.php?rest_route=\/wp\/v2\/media\/231"}],"wp:attachment":[{"href":"https:\/\/antikriegkoeln.noblogs.org\/index.php?rest_route=%2Fwp%2Fv2%2Fmedia&parent=230"}],"wp:term":[{"taxonomy":"category","embeddable":true,"href":"https:\/\/antikriegkoeln.noblogs.org\/index.php?rest_route=%2Fwp%2Fv2%2Fcategories&post=230"},{"taxonomy":"post_tag","embeddable":true,"href":"https:\/\/antikriegkoeln.noblogs.org\/index.php?rest_route=%2Fwp%2Fv2%2Ftags&post=230"}],"curies":[{"name":"wp","href":"https:\/\/api.w.org\/{rel}","templated":true}]}}