{"id":23,"date":"2024-02-28T17:20:50","date_gmt":"2024-02-28T16:20:50","guid":{"rendered":"https:\/\/antikriegkoeln.noblogs.org\/?p=23"},"modified":"2024-02-28T17:20:50","modified_gmt":"2024-02-28T16:20:50","slug":"100-milliarden-fuer-bildung-statt-fuer-waffen","status":"publish","type":"post","link":"https:\/\/antikriegkoeln.noblogs.org\/?p=23","title":{"rendered":"100 Milliarden f\u00fcr Bildung statt f\u00fcr Waffen"},"content":{"rendered":"<p>Am Samstag, den 24. Februar haben wir ein Stand der Bundeswehr auf der Didacta-Messe in K\u00f6ln symbolisch blockiert. Auf unserem Transparent und Flyern war der Spruch &#8222;100 Milliarden f\u00fcr Bildung statt f\u00fcr Waffen&#8220; zu lesen.<\/p>\n<p>Damit wollen wir darauf aufmerksam machen, dass Sozialabbau und K\u00fcrzungen im Bildungsbereich kein Zufall sind.<\/p>\n<p>Die finanziellen Mittel f\u00fcr die \u00f6ffentliche Daseinsvorsorge, Bildung und Gesundheit werden gek\u00fcrzt, damit das Geld f\u00fcr Aufr\u00fcstung und Krieg da ist.<\/p>\n<p>Seit Wochen erleben wir in Deutschland das krasseste Aufr\u00fcstungsprogramm seit Ende des Kalten Krieges. Zur Militarisierung der Gesellschaft geh\u00f6rt auch die ideologische Einschw\u00f6rung auf gemeinsame Feinde. So wird die Bundeswehrpropaganda hochgeschraubt und die milit\u00e4rische Pr\u00e4senz im \u00f6ffentlichen Raum legitmiert. Auf der Didacta Messe inszeniert sich\u00a0 die Bundeswehr dabei als neutraler Ausbilder wie jeder andere. Dem gilt es entschieden zu widersprechen!<br \/>\nDie Bundeswehr ist kein Ausbilder wie jeder andere. Sie ist Teil des deutschen Imperialismus und auch ganz aktuell auf Mission im Roten Meer, um Handelswege f\u00fcr den Profit der Kapitalist:innen zu sichern.<\/p>\n<p>Wir werten diese Aktion als ersten Erfolg aus, der auch bei vielen Messeteilnehmer:innen auf Zustimmung sto\u00df. Lasst uns gemeinsam offensive Praxis gegen Aufr\u00fcstung und Militarisierung organisieren!<\/p>\n<p>Beteiligt euch am Ostermarsch!<br \/>\nGeht mit uns am ersten Mai auf die Stra\u00dfe!<\/p>\n<p>F\u00fcr eine revolution\u00e4re Antikriegsbewegung in K\u00f6ln, Deutschland und Weltweit!<\/p>\n<p>&nbsp;<\/p>\n<p><img loading=\"lazy\" decoding=\"async\" class=\"alignnone size-medium wp-image-24\" src=\"https:\/\/antikriegkoeln.noblogs.org\/files\/2024\/02\/Flyer_100mrd_fuer_bildung-300x300.jpg\" alt=\"\" width=\"300\" height=\"300\" srcset=\"https:\/\/antikriegkoeln.noblogs.org\/files\/2024\/02\/Flyer_100mrd_fuer_bildung-300x300.jpg 300w, https:\/\/antikriegkoeln.noblogs.org\/files\/2024\/02\/Flyer_100mrd_fuer_bildung-1024x1024.jpg 1024w, https:\/\/antikriegkoeln.noblogs.org\/files\/2024\/02\/Flyer_100mrd_fuer_bildung-150x150.jpg 150w, https:\/\/antikriegkoeln.noblogs.org\/files\/2024\/02\/Flyer_100mrd_fuer_bildung-768x768.jpg 768w, https:\/\/antikriegkoeln.noblogs.org\/files\/2024\/02\/Flyer_100mrd_fuer_bildung-1536x1536.jpg 1536w, https:\/\/antikriegkoeln.noblogs.org\/files\/2024\/02\/Flyer_100mrd_fuer_bildung-2048x2048.jpg 2048w, https:\/\/antikriegkoeln.noblogs.org\/files\/2024\/02\/Flyer_100mrd_fuer_bildung-1568x1568.jpg 1568w\" sizes=\"auto, (max-width: 300px) 100vw, 300px\" \/> <img loading=\"lazy\" decoding=\"async\" class=\"alignnone size-medium wp-image-25\" src=\"https:\/\/antikriegkoeln.noblogs.org\/files\/2024\/02\/Flyer_100mrd_fuer_bildung2-300x300.jpg\" alt=\"\" width=\"300\" height=\"300\" srcset=\"https:\/\/antikriegkoeln.noblogs.org\/files\/2024\/02\/Flyer_100mrd_fuer_bildung2-300x300.jpg 300w, https:\/\/antikriegkoeln.noblogs.org\/files\/2024\/02\/Flyer_100mrd_fuer_bildung2-1024x1024.jpg 1024w, https:\/\/antikriegkoeln.noblogs.org\/files\/2024\/02\/Flyer_100mrd_fuer_bildung2-150x150.jpg 150w, https:\/\/antikriegkoeln.noblogs.org\/files\/2024\/02\/Flyer_100mrd_fuer_bildung2-768x768.jpg 768w, https:\/\/antikriegkoeln.noblogs.org\/files\/2024\/02\/Flyer_100mrd_fuer_bildung2-1536x1536.jpg 1536w, https:\/\/antikriegkoeln.noblogs.org\/files\/2024\/02\/Flyer_100mrd_fuer_bildung2-2048x2048.jpg 2048w, https:\/\/antikriegkoeln.noblogs.org\/files\/2024\/02\/Flyer_100mrd_fuer_bildung2-1568x1568.jpg 1568w\" sizes=\"auto, (max-width: 300px) 100vw, 300px\" \/><\/p>\n","protected":false},"excerpt":{"rendered":"<p>Am Samstag, den 24. Februar haben wir ein Stand der Bundeswehr auf der Didacta-Messe in K\u00f6ln symbolisch blockiert. Auf unserem Transparent und Flyern war der Spruch &#8222;100 Milliarden f\u00fcr Bildung statt f\u00fcr Waffen&#8220; zu lesen. Damit wollen wir darauf aufmerksam machen, dass Sozialabbau und K\u00fcrzungen im Bildungsbereich kein Zufall sind. Die finanziellen Mittel f\u00fcr die [&hellip;]<\/p>\n","protected":false},"author":19740,"featured_media":24,"comment_status":"closed","ping_status":"closed","sticky":false,"template":"","format":"standard","meta":{"footnotes":""},"categories":[5],"tags":[],"class_list":["post-23","post","type-post","status-publish","format-standard","has-post-thumbnail","hentry","category-aktionen"],"_links":{"self":[{"href":"https:\/\/antikriegkoeln.noblogs.org\/index.php?rest_route=\/wp\/v2\/posts\/23","targetHints":{"allow":["GET"]}}],"collection":[{"href":"https:\/\/antikriegkoeln.noblogs.org\/index.php?rest_route=\/wp\/v2\/posts"}],"about":[{"href":"https:\/\/antikriegkoeln.noblogs.org\/index.php?rest_route=\/wp\/v2\/types\/post"}],"author":[{"embeddable":true,"href":"https:\/\/antikriegkoeln.noblogs.org\/index.php?rest_route=\/wp\/v2\/users\/19740"}],"replies":[{"embeddable":true,"href":"https:\/\/antikriegkoeln.noblogs.org\/index.php?rest_route=%2Fwp%2Fv2%2Fcomments&post=23"}],"version-history":[{"count":1,"href":"https:\/\/antikriegkoeln.noblogs.org\/index.php?rest_route=\/wp\/v2\/posts\/23\/revisions"}],"predecessor-version":[{"id":26,"href":"https:\/\/antikriegkoeln.noblogs.org\/index.php?rest_route=\/wp\/v2\/posts\/23\/revisions\/26"}],"wp:featuredmedia":[{"embeddable":true,"href":"https:\/\/antikriegkoeln.noblogs.org\/index.php?rest_route=\/wp\/v2\/media\/24"}],"wp:attachment":[{"href":"https:\/\/antikriegkoeln.noblogs.org\/index.php?rest_route=%2Fwp%2Fv2%2Fmedia&parent=23"}],"wp:term":[{"taxonomy":"category","embeddable":true,"href":"https:\/\/antikriegkoeln.noblogs.org\/index.php?rest_route=%2Fwp%2Fv2%2Fcategories&post=23"},{"taxonomy":"post_tag","embeddable":true,"href":"https:\/\/antikriegkoeln.noblogs.org\/index.php?rest_route=%2Fwp%2Fv2%2Ftags&post=23"}],"curies":[{"name":"wp","href":"https:\/\/api.w.org\/{rel}","templated":true}]}}