{"id":171,"date":"2025-02-22T20:47:42","date_gmt":"2025-02-22T19:47:42","guid":{"rendered":"https:\/\/antikriegkoeln.noblogs.org\/?p=171"},"modified":"2025-02-22T20:47:42","modified_gmt":"2025-02-22T19:47:42","slug":"demobericht-gegen-ihre-kriege-und-kuerzungen","status":"publish","type":"post","link":"https:\/\/antikriegkoeln.noblogs.org\/?p=171","title":{"rendered":"Demobericht &#8211; Gegen ihre Kriege und K\u00fcrzungen!"},"content":{"rendered":"<p>Heute sind wir mir mit 100 Menschen in K\u00f6ln unter dem Motto \u201eGegen ihre Kriege und K\u00fcrzungen \u2013 Aufr\u00fcstung und Sozialabbau bek\u00e4mpfen\u201c auf die Stra\u00dfe gegangen.<\/p>\n<p>Auf der Startkundgebung haben wir Redebeitr\u00e4gen \u00fcber die drohende Wehrpflicht, die Notwendigkeit von internationaler Solidarit\u00e4t und dem Kampf gegen die R\u00fcstungsproduzent:innen vor unseren Haust\u00fcren geh\u00f6rt.<\/p>\n<p>Die Demonstration startete laut &amp; kraftvoll auf der Kalker Hauptstra\u00dfe. Sie forderte die Beendigung von Waffenlieferungen und solidarisierte sich mit internationalen K\u00e4mpfen gegen Unterdr\u00fcckung und Aufr\u00fcstung.<\/p>\n<p>Auf der Dillenburger Stra\u00dfe sitzt die Deutz AG. Die Deutz AG hat im vergangenen Jahr angek\u00fcndigt wieder in das R\u00fcstungsgesch\u00e4ft einzusteigen. Sie wollen nun Motoren f\u00fcr Panzer herstellen und plant Thyssen Krupp Marine Systems zu kaufen. Das w\u00fcrde sie auf einen Schlag zu einem der gr\u00f6\u00dften R\u00fcstungsproduzenten Deutschlands machen. Der Aufr\u00fcstungskurs der Bundesregierung und der damit einhergehende Aufschwung der R\u00fcstungsindustrie f\u00fchrt dazu, dass in unserer unmittelbaren Nachbarschaft wieder f\u00fcr den Krieg produziert werden soll.<\/p>\n<p>Das Krieg hier beginnt und dadurch auch hier beendet werden kann, wurde durch eine Aktion vor dem Werkstor klargemacht. In einer kurzen Rede wurden die R\u00fcstungsambitionen des Konzerns entlarvt. Zus\u00e4tzlich wurden Schilder mit der Aufschrift \u201eKrieg beginnt hier\u201c hochgehalten. Die Aktion wurde mit Pyrotechnik untermauert.<\/p>\n<p>Das der Kampf gegen den deutschen Imperialismus immer mit einer Perspektive der internationalen Solidarit\u00e4t verbunden werden muss, wurde durch eine weitere Aktion auf der Kalker Hauptstra\u00dfe deutlich gemacht. Hier wurde die Solidarit\u00e4t mit der kurdischen Bewegung, insbesondere mit der Frauenrevolution verdeutlicht. Diese wurde symbolisch durch das Schwenken von kurdischen T\u00fcchern, die f\u00fcr den Kampf der Kurd:innen um Frauenbefreiung und Demokratie stehen, verdeutlicht.<\/p>\n<p>Auf der Abschlusskundgebung haben wir weitere Reden geh\u00f6rt. Eine Rede betonte die Notwendigkeit der Solidarit\u00e4t mit dem pal\u00e4stinensischen Volk. Auch in dieser Frage muss vor allem der deutsche Staat und sein Handeln angegriffen werden. In der Rede wurde verdeutlicht, dass der deutsche Staat die Pal\u00e4stinabewegung mit Repressionen \u00fcberzieht und den angeblichen Antisemitismus von pal\u00e4stinasolidarischen Menschen dazu nutzt reaktion\u00e4re Migrationsgesetze zu verabschieden.<\/p>\n<p>Eine weitere Rede besch\u00e4ftige sich mit der Aush\u00f6hlung des Antisemitismusbegriff. Der Staat nutzt diese Aush\u00f6hlung gezielt, um Israelkritik zu delegitmieren und damit die Offenlegung der eigenen imperialistischen Interessen im Nahen Osten zu verschleiern.<\/p>\n<p>Die letzte Rede machte klar, dass insbesondere Frauen unter Krieg und seinen folgen leiden. Daher ist es notwendig den antimilitaristischen Kampf mit einer feministischen Perspektive zu f\u00fchren.<\/p>\n<p>Wenn wir dem Kriegskurs etwas entgegensetzen wollen, dann brauchen wir Kontinuit\u00e4t und einen langen Atem. Als OTKM veranstalten wir offene Treffen. Wir wollen alle einbinden, die gegen Krieg aktiv werden wollen und so einen Beitrag zum Aufbau einer antimilitaristische Bewegung leisten, die wir in Deutschland unbedingt brauchen.<\/p>\n<p>Organisier dich: Komm zum OTKM am 12. M\u00e4rz um 19 Uhr im Linken Zentrum<\/p>\n","protected":false},"excerpt":{"rendered":"<p>Heute sind wir mir mit 100 Menschen in K\u00f6ln unter dem Motto \u201eGegen ihre Kriege und K\u00fcrzungen \u2013 Aufr\u00fcstung und Sozialabbau bek\u00e4mpfen\u201c auf die Stra\u00dfe gegangen. Auf der Startkundgebung haben wir Redebeitr\u00e4gen \u00fcber die drohende Wehrpflicht, die Notwendigkeit von internationaler Solidarit\u00e4t und dem Kampf gegen die R\u00fcstungsproduzent:innen vor unseren Haust\u00fcren geh\u00f6rt. Die Demonstration startete laut [&hellip;]<\/p>\n","protected":false},"author":19740,"featured_media":172,"comment_status":"closed","ping_status":"closed","sticky":false,"template":"","format":"standard","meta":{"footnotes":""},"categories":[5],"tags":[],"class_list":["post-171","post","type-post","status-publish","format-standard","has-post-thumbnail","hentry","category-aktionen"],"_links":{"self":[{"href":"https:\/\/antikriegkoeln.noblogs.org\/index.php?rest_route=\/wp\/v2\/posts\/171","targetHints":{"allow":["GET"]}}],"collection":[{"href":"https:\/\/antikriegkoeln.noblogs.org\/index.php?rest_route=\/wp\/v2\/posts"}],"about":[{"href":"https:\/\/antikriegkoeln.noblogs.org\/index.php?rest_route=\/wp\/v2\/types\/post"}],"author":[{"embeddable":true,"href":"https:\/\/antikriegkoeln.noblogs.org\/index.php?rest_route=\/wp\/v2\/users\/19740"}],"replies":[{"embeddable":true,"href":"https:\/\/antikriegkoeln.noblogs.org\/index.php?rest_route=%2Fwp%2Fv2%2Fcomments&post=171"}],"version-history":[{"count":1,"href":"https:\/\/antikriegkoeln.noblogs.org\/index.php?rest_route=\/wp\/v2\/posts\/171\/revisions"}],"predecessor-version":[{"id":173,"href":"https:\/\/antikriegkoeln.noblogs.org\/index.php?rest_route=\/wp\/v2\/posts\/171\/revisions\/173"}],"wp:featuredmedia":[{"embeddable":true,"href":"https:\/\/antikriegkoeln.noblogs.org\/index.php?rest_route=\/wp\/v2\/media\/172"}],"wp:attachment":[{"href":"https:\/\/antikriegkoeln.noblogs.org\/index.php?rest_route=%2Fwp%2Fv2%2Fmedia&parent=171"}],"wp:term":[{"taxonomy":"category","embeddable":true,"href":"https:\/\/antikriegkoeln.noblogs.org\/index.php?rest_route=%2Fwp%2Fv2%2Fcategories&post=171"},{"taxonomy":"post_tag","embeddable":true,"href":"https:\/\/antikriegkoeln.noblogs.org\/index.php?rest_route=%2Fwp%2Fv2%2Ftags&post=171"}],"curies":[{"name":"wp","href":"https:\/\/api.w.org\/{rel}","templated":true}]}}