{"id":163,"date":"2025-02-13T21:48:11","date_gmt":"2025-02-13T20:48:11","guid":{"rendered":"https:\/\/antikriegkoeln.noblogs.org\/?p=163"},"modified":"2025-02-13T21:48:11","modified_gmt":"2025-02-13T20:48:11","slug":"unser-beitrag-zur-kampagne-die-loesung-steht-nicht-auf-dem-wahlzettel","status":"publish","type":"post","link":"https:\/\/antikriegkoeln.noblogs.org\/?p=163","title":{"rendered":"Unser Beitrag zur Kampagne &#8222;Die L\u00f6sung steht nicht auf dem Wahlzettel&#8220;"},"content":{"rendered":"<p><i><b><a href=\"https:\/\/keineloesung.noblogs.org\">Die L\u00f6sung steht nicht auf dem Wahlzettel<\/a> \u2013 Solidarische Perspektiven von unten erk\u00e4mpfen<\/b><\/i><\/p>\n<p>Ob auf dem Weg zur Arbeit, zur Uni oder zur Schule: Man ist kaum sicher vor offensiver Wahlpropaganda. \u201eLeben bezahlbar machen\u201c seitens der Gr\u00fcnen oder \u201eKanzler f\u00fcr stabile Renten\u201c von der SPD wirken fast wie Satire, wenn man bedenkt, dass eben unter der Ampelregierung aktiv und im gro\u00dfen Stil der Sozialabbau vorangetrieben wurde. Haben wir alle doch schon kaum noch genug Geld, um den Wocheneinkauf und die Miete zu bezahlen, so wird jetzt auch noch im Erziehungswesen, in der Pflege, bei Jugendzentren etc. gespart.<\/p>\n<p>Genau dieses Geld, was millionenfach gek\u00fcrzt wird und das Leben von uns als Lohnabh\u00e4ngige hier in Deutschland noch schwerer macht, wird munter in Waffendeals, R\u00fcstungsindustrie und die Bundeswehr gesteckt.<\/p>\n<p>Denn beim Thema Aufr\u00fcstung sind sich alle Parteien einig. Hierbei geht es nur noch um\u201ewie schnell und wie viel?\u201c, statt um die Frage \u201eob\u201c.<\/p>\n<p><b>Weder der anhaltende Kriegskurs, noch die damit einhergehenden K\u00fcrzungen im sozialen Bereich lassen sich abw\u00e4hlen. <\/b><\/p>\n<p>Dabei kann die Linkspartei nicht ausgeklammert werden. Sie ist nicht nur eine reformistische Partei, die nicht an einer \u00dcberwindung dieses Systems interessiert ist. Zeigte sich doch in Vergangenheit immer wieder ihr opportunistischer Charakter, wenn sie an Regierungsentscheidungen beteiligt war. Dabei dienen der sogenannte \u201eLeipziger Kessel\u201c im Sommer 2023 im Zuge der \u201eTag X\u201c Demonstration und der Verrat der Berliner Linkspartei von \u201eDeutsche Wohnen Enteignen\u201c im Jahr 2022 als Beispiele. Ebenso der Ausschluss von pal\u00e4stinasolidarischen und fortschrittlichen Kr\u00e4ften innerhalb der eigenen Partei im letzten Jahr.<\/p>\n<p><span style=\"color: #000000\">Das BSW verkauft sich als die Partei des kleinen Mannes und die Partei des Friedens. Realit\u00e4t sind jedoch imperialistische Bestrebungen f\u00fcr ein \u201estarkes, eigenst\u00e4ndiges\u201c Europa unabh\u00e4ngig der USA, rassistische Spaltungsmechanismen und ein Fokus auf die Mittelschicht, statt auf die lohnabh\u00e4ngige Klasse.<\/span><\/p>\n<p>Zwar k\u00f6nnen links-reformistische Kr\u00e4fte im Parlament positive Auswirkungen haben, wie eben bei dem zuletzt von CDU und AFD angestrebten Gesetzesentwurf zur Versch\u00e4rfung der Migrationspolitik, eine wirkliche L\u00f6sung sind sie jedoch genauso wenig.<\/p>\n<p>Die letzten Jahre unter der Ampelregierung zeigen deutlich, was die Parteien abseits ihrer Wahlversprechen f\u00fcr Frieden und Sicherheit, wirklich umsetzen und das sogar ganz ohne Hilfe der AfD:<\/p>\n<ul>\n<li>Massive Erh\u00f6hung von Abschiebungen und Asylrechtsversch\u00e4rfungen (z.B. GEAS)<\/li>\n<li>Ausbau der Festung Europa<\/li>\n<li>Aush\u00f6hlung und Instrumentalisierung des \u201eAntisemitismus\u201c-Begriffs: M\u00f6glichkeit des Entzugs der Staatsangeh\u00f6rigkeit bei Kritik am Staat Israel<\/li>\n<li>Aufr\u00fcstungswahn auf dem R\u00fccken der arbeitenden Bev\u00f6lkerung: Starke Bundeswehr und milliardenschwere R\u00fcstungsdeals finanziert durch brutalste Sparma\u00dfnahmen im sozialen und \u00f6ffentlichen Bereich<\/li>\n<\/ul>\n<p>Dabei sind die Gr\u00fcnen besonders zu erw\u00e4hnen, stellen sie sich selbst doch als moralische Bastion und Humanisten dar. Dies gilt es zu entlarven! Denn 5% des BiP in R\u00fcstung zu investieren, einen Wehrdienst einzuf\u00fchren, die Selbstentwaffnung der kurdischen Befreiungskr\u00e4fte zu Gunsten der T\u00fcrkei und die aktive Unterst\u00fctzung des Genozids an den Pal\u00e4stinenser:innen sprechen eine andere Sprache.<\/p>\n<p><span style=\"color: #000000\">W\u00e4hrend alles daf\u00fcr getan wird sich mit rassistischen und menschenverachtenden Forderungen gegen Gefl\u00fcchtete und migrantische Menschen zu \u00fcberbieten, wird eine Frage ausgespart: Warum m\u00fcssen Menschen \u00fcberhaupt fliehen? Was sind die Fluchtursachen?<\/span><\/p>\n<p><span style=\"color: #000000\">Die Antwort w\u00fcrde wohl zur Selbstenttarnung der b\u00fcrgerlichen Parteien und ihrem eigentlichen Nutzen in diesem System beitragen. Denn der deutsche Staat und der wieder aufstrebende deutsche Imperialismus sind ma\u00dfgeblich mitverantwortlich f\u00fcr die Schaffung von Fluchtursachen. <\/span><\/p>\n<p><span style=\"color: #000000\"><i>Es sind die deutschen Waffenlieferungen in Kriegs- und Krisengebiete die daf\u00fcr verantwortlich sind, dass Menschen fliehen m\u00fcssen. Es ist das Mitmischen Deutschlands in Kriegen wie in Afghanistan, Syrien und Lybien, auf Grund von profit- und geopolitischen Interessen, die f\u00fcr eine Destabilisierung vor Ort und im Zuge dessen auch Flucht f\u00fchren. Es sind Waffenlieferungen an NATO-Partner, wie die T\u00fcrkei, durch die Kurd:innen mit deutschen Waffen niedergemetzelt werden. An Saudi Arabien, welches im Jemen f\u00fcr unz\u00e4hlige Tote und Verfolgung von Minderheiten sorgt. Und an Israel, womit sich Deutschland aktiv am Genozid an den Pal\u00e4stinenser:innen beteiligt. Es ist die vorangetriebene Kriegspolitik, die Deutschland wieder zur Gro\u00dfmacht erstarken lassen soll, wie man es z.B. im Stellvertreterkrieg in der Ukraine sehen kann. <\/i><\/span><\/p>\n<p><span style=\"color: #000000\">Weder die Ampelparteien, noch CDU und AfD werden daran etwas \u00e4ndern. Denn sie alle unterst\u00fctzen den deutschen Kriegskurs, weil der Kapitalismus, das System das uns alle ausbeutet, sich in der Krise befindet. Krieg wird nun immer schneller zum Mittel der Wahl der Herrschenden, um der Destabilisierung in ihren eigenen Lagern etwas entgegenzusetzen. <\/span><\/p>\n<p><span style=\"color: #000000\">Krieg und K\u00fcrzungen und lassen sich nicht abw\u00e4hlen\u2026<\/span><\/p>\n<p><span style=\"color: #000000\"><b>a<\/b><b>ber wir<\/b><b> haben die Wahl uns selbst zu organisieren und solidarische Perspektiven von unten zu erk\u00e4mpfen! <\/b><\/span><\/p>\n<p><span style=\"color: #000000\"><b>Das hei\u00dft einen offensiven Kampf gegen die deutschen R\u00fcstungsproduzent:innen zu f\u00fchren, Kriegspropaganda anzugreifen und internationale Solidarit\u00e4t aufzubauen! <\/b><\/span><\/p>\n<p><span style=\"color: #000000\"><b>Werdet aktiv gegen das System der Kriege und Krisen! <\/b><\/span><\/p>\n<p><span style=\"color: #000000\"><i><b>Offenes Treffen gegen Krieg und Militarisierung K\u00f6ln \u2013 Jeden 1. Montag im Monat um 19 Uhr im Linken Zentrum in K\u00f6ln Kalk<\/b><\/i><\/span><\/p>\n<p>weitere Infos zur Kampagne findet ihr <a href=\"https:\/\/keineloesung.noblogs.org\">HIER<\/a><\/p>\n<p><img loading=\"lazy\" decoding=\"async\" class=\"alignnone size-medium wp-image-165\" src=\"https:\/\/antikriegkoeln.noblogs.org\/files\/2025\/02\/7-240x300.png\" alt=\"\" width=\"240\" height=\"300\" srcset=\"https:\/\/antikriegkoeln.noblogs.org\/files\/2025\/02\/7-240x300.png 240w, https:\/\/antikriegkoeln.noblogs.org\/files\/2025\/02\/7-819x1024.png 819w, https:\/\/antikriegkoeln.noblogs.org\/files\/2025\/02\/7-768x960.png 768w, https:\/\/antikriegkoeln.noblogs.org\/files\/2025\/02\/7.png 1080w\" sizes=\"auto, (max-width: 240px) 100vw, 240px\" \/><\/p>\n","protected":false},"excerpt":{"rendered":"<p>Die L\u00f6sung steht nicht auf dem Wahlzettel \u2013 Solidarische Perspektiven von unten erk\u00e4mpfen Ob auf dem Weg zur Arbeit, zur Uni oder zur Schule: Man ist kaum sicher vor offensiver Wahlpropaganda. \u201eLeben bezahlbar machen\u201c seitens der Gr\u00fcnen oder \u201eKanzler f\u00fcr stabile Renten\u201c von der SPD wirken fast wie Satire, wenn man bedenkt, dass eben unter [&hellip;]<\/p>\n","protected":false},"author":19740,"featured_media":164,"comment_status":"closed","ping_status":"closed","sticky":false,"template":"","format":"standard","meta":{"footnotes":""},"categories":[6],"tags":[],"class_list":["post-163","post","type-post","status-publish","format-standard","has-post-thumbnail","hentry","category-texte-statements"],"_links":{"self":[{"href":"https:\/\/antikriegkoeln.noblogs.org\/index.php?rest_route=\/wp\/v2\/posts\/163","targetHints":{"allow":["GET"]}}],"collection":[{"href":"https:\/\/antikriegkoeln.noblogs.org\/index.php?rest_route=\/wp\/v2\/posts"}],"about":[{"href":"https:\/\/antikriegkoeln.noblogs.org\/index.php?rest_route=\/wp\/v2\/types\/post"}],"author":[{"embeddable":true,"href":"https:\/\/antikriegkoeln.noblogs.org\/index.php?rest_route=\/wp\/v2\/users\/19740"}],"replies":[{"embeddable":true,"href":"https:\/\/antikriegkoeln.noblogs.org\/index.php?rest_route=%2Fwp%2Fv2%2Fcomments&post=163"}],"version-history":[{"count":2,"href":"https:\/\/antikriegkoeln.noblogs.org\/index.php?rest_route=\/wp\/v2\/posts\/163\/revisions"}],"predecessor-version":[{"id":167,"href":"https:\/\/antikriegkoeln.noblogs.org\/index.php?rest_route=\/wp\/v2\/posts\/163\/revisions\/167"}],"wp:featuredmedia":[{"embeddable":true,"href":"https:\/\/antikriegkoeln.noblogs.org\/index.php?rest_route=\/wp\/v2\/media\/164"}],"wp:attachment":[{"href":"https:\/\/antikriegkoeln.noblogs.org\/index.php?rest_route=%2Fwp%2Fv2%2Fmedia&parent=163"}],"wp:term":[{"taxonomy":"category","embeddable":true,"href":"https:\/\/antikriegkoeln.noblogs.org\/index.php?rest_route=%2Fwp%2Fv2%2Fcategories&post=163"},{"taxonomy":"post_tag","embeddable":true,"href":"https:\/\/antikriegkoeln.noblogs.org\/index.php?rest_route=%2Fwp%2Fv2%2Ftags&post=163"}],"curies":[{"name":"wp","href":"https:\/\/api.w.org\/{rel}","templated":true}]}}