{"id":158,"date":"2025-02-07T15:18:52","date_gmt":"2025-02-07T14:18:52","guid":{"rendered":"https:\/\/antikriegkoeln.noblogs.org\/?p=158"},"modified":"2025-02-07T15:18:52","modified_gmt":"2025-02-07T14:18:52","slug":"keineloesung","status":"publish","type":"post","link":"https:\/\/antikriegkoeln.noblogs.org\/?p=158","title":{"rendered":"Die L\u00f6sung steht nicht auf dem Wahlzettel!"},"content":{"rendered":"<p>Als revolution\u00e4re Bewegung K\u00f6lns rufen wir zur Kampagne &#8222;<a href=\"https:\/\/keineloesung.noblogs.org\">Die L\u00f6sung steht nicht auf dem Wahlzettel<\/a>&#8220; auf, um auf die Auswegslosigkeit des Parlamentarismus aufmerksam zu machen.<\/p>\n<p>Die Herrschenden haben kein Interesse unsere Probleme zu l\u00f6sen. Sie alle r\u00fcsten auf und wollen uns Kriegst\u00fcchtig machen, sie alle Hetzen und erlassen rassistische Abschottungsgesetzte, sie allle tun nichts gegen den Klimawandel und K\u00fcrzen bei Sozialen.<\/p>\n<p>In den kommenden Wochen werden wir Texte zu verschiedenen Themen ver\u00f6ffentlichen und Aktionen durchf\u00fchren, um klar zu machen: Gegen Krieg und Aufr\u00fcstung, gegen Rassismus und Abschottung, gegen Klimakrise und Sozialabbau hilft nur organisierter Widerstand von unten.<\/p>\n<p>&nbsp;<\/p>\n<p>Alle Infos zur Kampagne findet ihr <a href=\"https:\/\/keineloesung.noblogs.org\">hier<\/a><\/p>\n","protected":false},"excerpt":{"rendered":"<p>Als revolution\u00e4re Bewegung K\u00f6lns rufen wir zur Kampagne &#8222;Die L\u00f6sung steht nicht auf dem Wahlzettel&#8220; auf, um auf die Auswegslosigkeit des Parlamentarismus aufmerksam zu machen. Die Herrschenden haben kein Interesse unsere Probleme zu l\u00f6sen. Sie alle r\u00fcsten auf und wollen uns Kriegst\u00fcchtig machen, sie alle Hetzen und erlassen rassistische Abschottungsgesetzte, sie allle tun nichts gegen [&hellip;]<\/p>\n","protected":false},"author":19740,"featured_media":159,"comment_status":"closed","ping_status":"closed","sticky":false,"template":"","format":"standard","meta":{"footnotes":""},"categories":[4],"tags":[],"class_list":["post-158","post","type-post","status-publish","format-standard","has-post-thumbnail","hentry","category-aufrufe"],"_links":{"self":[{"href":"https:\/\/antikriegkoeln.noblogs.org\/index.php?rest_route=\/wp\/v2\/posts\/158","targetHints":{"allow":["GET"]}}],"collection":[{"href":"https:\/\/antikriegkoeln.noblogs.org\/index.php?rest_route=\/wp\/v2\/posts"}],"about":[{"href":"https:\/\/antikriegkoeln.noblogs.org\/index.php?rest_route=\/wp\/v2\/types\/post"}],"author":[{"embeddable":true,"href":"https:\/\/antikriegkoeln.noblogs.org\/index.php?rest_route=\/wp\/v2\/users\/19740"}],"replies":[{"embeddable":true,"href":"https:\/\/antikriegkoeln.noblogs.org\/index.php?rest_route=%2Fwp%2Fv2%2Fcomments&post=158"}],"version-history":[{"count":1,"href":"https:\/\/antikriegkoeln.noblogs.org\/index.php?rest_route=\/wp\/v2\/posts\/158\/revisions"}],"predecessor-version":[{"id":160,"href":"https:\/\/antikriegkoeln.noblogs.org\/index.php?rest_route=\/wp\/v2\/posts\/158\/revisions\/160"}],"wp:featuredmedia":[{"embeddable":true,"href":"https:\/\/antikriegkoeln.noblogs.org\/index.php?rest_route=\/wp\/v2\/media\/159"}],"wp:attachment":[{"href":"https:\/\/antikriegkoeln.noblogs.org\/index.php?rest_route=%2Fwp%2Fv2%2Fmedia&parent=158"}],"wp:term":[{"taxonomy":"category","embeddable":true,"href":"https:\/\/antikriegkoeln.noblogs.org\/index.php?rest_route=%2Fwp%2Fv2%2Fcategories&post=158"},{"taxonomy":"post_tag","embeddable":true,"href":"https:\/\/antikriegkoeln.noblogs.org\/index.php?rest_route=%2Fwp%2Fv2%2Ftags&post=158"}],"curies":[{"name":"wp","href":"https:\/\/api.w.org\/{rel}","templated":true}]}}