{"id":128,"date":"2024-10-13T18:34:54","date_gmt":"2024-10-13T16:34:54","guid":{"rendered":"https:\/\/antikriegkoeln.noblogs.org\/?p=128"},"modified":"2024-10-13T18:34:54","modified_gmt":"2024-10-13T16:34:54","slug":"76-jahre-nakba-1-jahr-genozid-impressionen-der-landesweiten-demonstration","status":"publish","type":"post","link":"https:\/\/antikriegkoeln.noblogs.org\/?p=128","title":{"rendered":"76 Jahre Nakba, 1 Jahr Genozid &#8211; Impressionen der landesweiten Demonstration"},"content":{"rendered":"<p>Am Samstag beteiligten wir uns an der landesweiten Demonstration des &#8222;Pal\u00e4stina B\u00fcndnis NRW&#8220;. Anlass war der Genozid in Gaza, der nun seit \u00fcber einem Jahr l\u00e4uft und die Unterdr\u00fcckung und Vertreibung der Pal\u00e4stinenser:innen seit 76 Jahren.<\/p>\n<p>In einem Redebeitrag betonten wir die Notwendigkeit das Handeln der deutschen Regierung offenzulegen und anzugreifen. Denn f\u00fcr die eigenen wirtschaftlichen und geopolitischen Interessen unterst\u00fctzt der deutsche Staat den Genozid milit\u00e4risch, wirtschaftlich und durch internationale R\u00fcckendeckung.<\/p>\n<p>Ein ausf\u00fchrlicher Bericht folgt in den kommenden Tagen.<\/p>\n<p>Freiheit f\u00fcr Pal\u00e4stina!<\/p>\n<p>Kampf dem deutschen Imperialismus!<\/p>\n","protected":false},"excerpt":{"rendered":"<p>Am Samstag beteiligten wir uns an der landesweiten Demonstration des &#8222;Pal\u00e4stina B\u00fcndnis NRW&#8220;. Anlass war der Genozid in Gaza, der nun seit \u00fcber einem Jahr l\u00e4uft und die Unterdr\u00fcckung und Vertreibung der Pal\u00e4stinenser:innen seit 76 Jahren. In einem Redebeitrag betonten wir die Notwendigkeit das Handeln der deutschen Regierung offenzulegen und anzugreifen. Denn f\u00fcr die eigenen [&hellip;]<\/p>\n","protected":false},"author":19740,"featured_media":129,"comment_status":"closed","ping_status":"closed","sticky":false,"template":"","format":"standard","meta":{"footnotes":""},"categories":[5],"tags":[],"class_list":["post-128","post","type-post","status-publish","format-standard","has-post-thumbnail","hentry","category-aktionen"],"_links":{"self":[{"href":"https:\/\/antikriegkoeln.noblogs.org\/index.php?rest_route=\/wp\/v2\/posts\/128","targetHints":{"allow":["GET"]}}],"collection":[{"href":"https:\/\/antikriegkoeln.noblogs.org\/index.php?rest_route=\/wp\/v2\/posts"}],"about":[{"href":"https:\/\/antikriegkoeln.noblogs.org\/index.php?rest_route=\/wp\/v2\/types\/post"}],"author":[{"embeddable":true,"href":"https:\/\/antikriegkoeln.noblogs.org\/index.php?rest_route=\/wp\/v2\/users\/19740"}],"replies":[{"embeddable":true,"href":"https:\/\/antikriegkoeln.noblogs.org\/index.php?rest_route=%2Fwp%2Fv2%2Fcomments&post=128"}],"version-history":[{"count":1,"href":"https:\/\/antikriegkoeln.noblogs.org\/index.php?rest_route=\/wp\/v2\/posts\/128\/revisions"}],"predecessor-version":[{"id":130,"href":"https:\/\/antikriegkoeln.noblogs.org\/index.php?rest_route=\/wp\/v2\/posts\/128\/revisions\/130"}],"wp:featuredmedia":[{"embeddable":true,"href":"https:\/\/antikriegkoeln.noblogs.org\/index.php?rest_route=\/wp\/v2\/media\/129"}],"wp:attachment":[{"href":"https:\/\/antikriegkoeln.noblogs.org\/index.php?rest_route=%2Fwp%2Fv2%2Fmedia&parent=128"}],"wp:term":[{"taxonomy":"category","embeddable":true,"href":"https:\/\/antikriegkoeln.noblogs.org\/index.php?rest_route=%2Fwp%2Fv2%2Fcategories&post=128"},{"taxonomy":"post_tag","embeddable":true,"href":"https:\/\/antikriegkoeln.noblogs.org\/index.php?rest_route=%2Fwp%2Fv2%2Ftags&post=128"}],"curies":[{"name":"wp","href":"https:\/\/api.w.org\/{rel}","templated":true}]}}