{"id":122,"date":"2024-09-03T21:36:44","date_gmt":"2024-09-03T19:36:44","guid":{"rendered":"https:\/\/antikriegkoeln.noblogs.org\/?p=122"},"modified":"2024-09-03T21:36:44","modified_gmt":"2024-09-03T19:36:44","slug":"redebeitraege-auf-der-demonstration-zum-antikriegstag","status":"publish","type":"post","link":"https:\/\/antikriegkoeln.noblogs.org\/?p=122","title":{"rendered":"Redebeitr\u00e4ge auf der Demonstration zum Antikriegstag"},"content":{"rendered":"<p>Auf der Demonstration am 1. September haben wir zwei Redebeitr\u00e4ge gehalten diese wir hier ver\u00f6ffentlichen wollen. W\u00e4hrend des erstens wurde aus der Demonstration ein Panzer mit roten Fahne symbolisch zerst\u00f6rt.<\/p>\n<p>&nbsp;<\/p>\n<p>Entschlossen gegen Kriegstreiber:<\/p>\n<div id=\"magicdomid4\" class=\"ace-line\" aria-live=\"assertive\"><span class=\"author-a-sz65zwl2hdfjz86zxz90z8z122zjo\">Von der Regierung und in den b\u00fcrgerlichen Medien h\u00f6ren wir oft: <\/span><span class=\"author-a-z75zz76z09z87z6olz122zmz73zc7wz74zz81z\">Kriege m\u00fcssen<\/span><span class=\"author-a-sz65zwl2hdfjz86zxz90z8z122zjo\"> unterst\u00fctzt und finanziert<\/span><span class=\"author-a-z75zz76z09z87z6olz122zmz73zc7wz74zz81z\"> werden<\/span><span class=\"author-a-sz65zwl2hdfjz86zxz90z8z122zjo\">, um unseren Wohlstand und die westlichen Werte zu verteidigen.\u00a0<\/span><\/div>\n<div id=\"magicdomid5\" class=\"ace-line\" aria-live=\"assertive\"><span class=\"author-a-sz65zwl2hdfjz86zxz90z8z122zjo\">Deshalb genehmige man zwischen Januar und Juni 2024<\/span><span class=\"author-a-z75zz76z09z87z6olz122zmz73zc7wz74zz81z\">, <\/span><span class=\"author-a-sz65zwl2hdfjz86zxz90z8z122zjo\">7,5 Milliarden Euro an Waffenlieferungen und stelle der Bundeswehr 100 Milliarden zur Verf\u00fcgung.\u00a0<\/span><\/div>\n<div id=\"magicdomid6\" class=\"ace-line\" aria-live=\"assertive\"><span class=\"author-a-sz65zwl2hdfjz86zxz90z8z122zjo\">D<\/span><span class=\"author-a-z75zz76z09z87z6olz122zmz73zc7wz74zz81z\">af\u00fcr bezahlen <\/span><span class=\"author-a-sz65zwl2hdfjz86zxz90z8z122zjo\">wi<\/span><span class=\"author-a-z75zz76z09z87z6olz122zmz73zc7wz74zz81z\">r, die Lohnabh\u00e4ngige Klasse, <\/span><span class=\"author-a-sz65zwl2hdfjz86zxz90z8z122zjo\">mit Sozialabbau. Anstatt die Wohnungsnot zu bek\u00e4mpfen, oder die L\u00f6hne in der Pflege zu erh\u00f6hen, wird das Geld in R\u00fcstung gesteckt. Das selbe Geld, was man f\u00fcr eine Flugstunde mit dem Eurofighter ben\u00f6tigt, k\u00f6nnte man dazu verwenden zwei Sozialwohnungen zu bauen und ein Mehrzweckkampfschiff kostet uns das Jahregehalt von 20 Tausend Altenpfleger:innen.<\/span><\/div>\n<div id=\"magicdomid7\" class=\"ace-line\" aria-live=\"assertive\"><span class=\"author-a-sz65zwl2hdfjz86zxz90z8z122zjo\">Daran erkennt man die Interessen der <\/span><span class=\"author-a-z75zz76z09z87z6olz122zmz73zc7wz74zz81z\">Ampel-<\/span><span class=\"author-a-sz65zwl2hdfjz86zxz90z8z122zjo\">Regierung. Es geht nicht um die Verteidigung von Wohlstand und <\/span><span class=\"author-a-z75zz76z09z87z6olz122zmz73zc7wz74zz81z\">angebliche <\/span><span class=\"author-a-sz65zwl2hdfjz86zxz90z8z122zjo\">Werten<\/span> <span class=\"author-a-z75zz76z09z87z6olz122zmz73zc7wz74zz81z\">(das w\u00e4re aber auch abzulehnen!)<\/span><span class=\"author-a-sz65zwl2hdfjz86zxz90z8z122zjo\">, sondern um den Profit und die Ausweitung von Macht und Einfluss<\/span><span class=\"author-a-z75zz76z09z87z6olz122zmz73zc7wz74zz81z\"> im geopolitischen Raum. Der deutsche Imperialismus soll wieder in Schwung kommen, Deutschland soll wieder einen Platz an der Sonne bekommen.\u00a0<\/span><\/div>\n<div id=\"magicdomid8\" class=\"ace-line\" aria-live=\"assertive\"><span class=\"author-a-sz65zwl2hdfjz86zxz90z8z122zjo\">Deshalb ist es auch kein Wunder, dass der ach so moralisch<\/span><span class=\"author-a-z75zz76z09z87z6olz122zmz73zc7wz74zz81z\">e <\/span><span class=\"author-a-sz65zwl2hdfjz86zxz90z8z122zjo\">deutsche Staat sich mit Waffenlieferungen an Israel, die T\u00fcrkei und Saudi-Arabien an Kriegen beteilgt, in denen Massaker an der Zivilbev\u00f6lkerung, Vertreibung und <\/span><span class=\"author-a-z75zz76z09z87z6olz122zmz73zc7wz74zz81z\">Genozid<\/span><span class=\"author-a-sz65zwl2hdfjz86zxz90z8z122zjo\"> Alltag sind.\u00a0<\/span><\/div>\n<div id=\"magicdomid9\" class=\"ace-line\" aria-live=\"assertive\"><span class=\"author-a-sz65zwl2hdfjz86zxz90z8z122zjo\">Wenn wir Krieg und Elend stoppen wollen, dann nur im Kampf gegen diejenigen, die ihn f\u00fchren, weil sie profitieren! Die R\u00fcstungsindustrie und ihre Vertreter in der Politik, die Banken, die durch Kriegskredite Geld sch\u00e4ffeln und die Regierung die all das m\u00f6glich macht.\u00a0<\/span><\/div>\n<div id=\"magicdomid10\" class=\"ace-line\" aria-live=\"assertive\"><span class=\"author-a-z75zz76z09z87z6olz122zmz73zc7wz74zz81z\">F\u00fcr uns ist klar: Nur <\/span><span class=\"author-a-sz65zwl2hdfjz86zxz90z8z122zjo\">Revolutionen beenden Kriege! Deshalb <\/span><span class=\"author-a-z75zz76z09z87z6olz122zmz73zc7wz74zz81z\">m\u00fcssen wir<\/span><span class=\"author-a-sz65zwl2hdfjz86zxz90z8z122zjo\"> den Frieden erk\u00e4mpfen.<\/span><\/div>\n<div id=\"magicdomid11\" class=\"ace-line\" aria-live=\"assertive\"><span class=\"author-a-sz65zwl2hdfjz86zxz90z8z122zjo\">Vom 3. bis zum 8. September k\u00f6nnen wir im Rahmen von Rheinmetall entwaffnen die Kriegsproduktion in Kiel angreifen und dadurch Sand ins Getriebe der Kriegsindustrie streuen.\u00a0<\/span><\/div>\n<div aria-live=\"assertive\"><\/div>\n<div aria-live=\"assertive\"><\/div>\n<div aria-live=\"assertive\">Solidarit\u00e4t mit Rojava:<\/div>\n<div aria-live=\"assertive\"><\/div>\n<div aria-live=\"assertive\">\n<div id=\"magicdomid17\" class=\"ace-line\" aria-live=\"assertive\"><span class=\"author-a-z75zz76z09z87z6olz122zmz73zc7wz74zz81z\">Deutschland r\u00fcstet auf:<\/span><span class=\"author-a-hgz76z9az76z8z83zz72zz78ztstz67zz74z9\"> Parteien, die w\u00e4hrend des Wahlkampfes noch mit Frieden geworben haben, wollen uns einreden, es g\u00e4be keinen anderen Weg, um Frieden und Sicherheit zu gew\u00e4hrleisten. Es wird propagiert, Deutschland m\u00fcsse kriegst\u00fcchtig werden \u2013 als g\u00e4be es keine Alternative.<\/span><\/div>\n<div id=\"magicdomid18\" class=\"ace-line\" aria-live=\"assertive\"><span class=\"author-a-hgz76z9az76z8z83zz72zz78ztstz67zz74z9\">Doch wir sagen klar und deutlich: Es gibt eine Alternative! Eine klassenk\u00e4mpferische Alternative, die nicht nur den Krieg ablehnt, sondern ihn an der Wurzel packt und ausrei\u00dft. F\u00fcr uns steht fest: Nur Revolutionen k\u00f6nnen Kriege beenden! Frieden wird nicht durch Aufr\u00fcstung und Militarisierung geschaffen, sondern durch den entschlossenen Kampf gegen die herrschenden Verh\u00e4ltnisse.<\/span><\/div>\n<div id=\"magicdomid19\" class=\"ace-line\" aria-live=\"assertive\"><span class=\"author-a-hgz76z9az76z8z83zz72zz78ztstz67zz74z9\">Rojava ist der lebende Beweis daf\u00fcr. Dort konnten sich im Zuge des syrischen B\u00fcrgerkriegs die kurdischen Befreiungsk\u00e4mpfer<\/span><span class=\"author-a-z75zz76z09z87z6olz122zmz73zc7wz74zz81z\">:<\/span><span class=\"author-a-hgz76z9az76z8z83zz72zz78ztstz67zz74z9\">innen gegen den sogenannten Islamischen Staat durchsetzen und sich bis heute gegen die<\/span><span class=\"author-a-z75zz76z09z87z6olz122zmz73zc7wz74zz81z\"> milit\u00e4rischen Angriffe der <\/span><span class=\"author-a-hgz76z9az76z8z83zz72zz78ztstz67zz74z9\">T\u00fcrke<\/span><span class=\"author-a-z75zz76z09z87z6olz122zmz73zc7wz74zz81z\">i <\/span><span class=\"author-a-hgz76z9az76z8z83zz72zz78ztstz67zz74z9\">behaupten. <\/span><span class=\"author-a-z75zz76z09z87z6olz122zmz73zc7wz74zz81z\">(<\/span><span class=\"author-a-hgz76z9az76z8z83zz72zz78ztstz67zz74z9\">In Rojava haben sich die Menschen gegen Krieg und Besatzung und f\u00fcr eine solidarische Gesellschaft, die eine Alternative zur kapitalistischen Wirtschaftsordnung bietet, entschieden.<\/span><span class=\"author-a-z75zz76z09z87z6olz122zmz73zc7wz74zz81z\">) (Naja, diese L\u00f6sung wurde revolution\u00e4r erk\u00e4mpft oder?) <\/span><span class=\"author-a-hgz76z9az76z8z83zz72zz78ztstz67zz74z9\">Allerdings steht diese Selbstverwaltung seit jeher unter <\/span><span class=\"author-a-z75zz76z09z87z6olz122zmz73zc7wz74zz81z\">Beschuss<\/span><span class=\"author-a-hgz76z9az76z8z83zz72zz78ztstz67zz74z9\"> durch Islamisten und die t\u00fcrkische Armee, und anstatt sich zu solidarisieren, wird der kurdische Freiheitskampf in Deutschland zunehmend kriminalisiert, z.B. durch das Verbot der PKK, und gleichzeitig werden weiter Waffen in die T\u00fcrkei exportiert. Trotz Allem bleiben die kurdischen Genoss*innen standhaft und k\u00e4mpfen in Rojava unerm\u00fcdlich weiter f\u00fcr <\/span><span class=\"author-a-z75zz76z09z87z6olz122zmz73zc7wz74zz81z\">(<\/span><span class=\"author-a-hgz76z9az76z8z83zz72zz78ztstz67zz74z9\">Demokratisierung, \u00d6kologie, Geschlechtergerechtigkeit, die Bek\u00e4mpfung des Patriarchats und besonders<\/span><span class=\"author-a-z75zz76z09z87z6olz122zmz73zc7wz74zz81z\">)<\/span><span class=\"author-a-hgz76z9az76z8z83zz72zz78ztstz67zz74z9\">: ein Leben ohne Krieg<\/span><span class=\"author-a-z75zz76z09z87z6olz122zmz73zc7wz74zz81z\">, ein Leben in Freiheit.<\/span><\/div>\n<div id=\"magicdomid20\" class=\"ace-line\" aria-live=\"assertive\"><span class=\"author-a-hgz76z9az76z8z83zz72zz78ztstz67zz74z9\">Rojava ist nicht nur ein Zeichen des Widerstands, sondern das Ergebnis eines entschlossenen revolution\u00e4ren Kampfes und ein lebendiges Beispiel daf\u00fcr, <\/span><span class=\"author-a-z75zz76z09z87z6olz122zmz73zc7wz74zz81z\">dass <\/span><span class=\"author-a-hgz76z9az76z8z83zz72zz78ztstz67zz74z9\">die Allmacht des Staates und die Kapitalinteressen der Kriegstreiber <\/span><span class=\"author-a-z75zz76z09z87z6olz122zmz73zc7wz74zz81z\">angreifbar sind. (<\/span><span class=\"author-a-hgz76z9az76z8z83zz72zz78ztstz67zz74z9\">Rojava zeigt uns, dass eine andere Welt m\u00f6glich ist \u2013 eine Welt, in der Revolutionen tats\u00e4chlich Kriege beenden k\u00f6nnen.<\/span><span class=\"author-a-z75zz76z09z87z6olz122zmz73zc7wz74zz81z\">)<\/span><\/div>\n<div id=\"magicdomid21\" class=\"ace-line\" aria-live=\"assertive\"><span class=\"author-a-hgz76z9az76z8z83zz72zz78ztstz67zz74z9\">Lasst uns von <\/span><span class=\"author-a-z75zz76z09z87z6olz122zmz73zc7wz74zz81z\">unseren kurdischen Genoss:innen<\/span><span class=\"author-a-hgz76z9az76z8z83zz72zz78ztstz67zz74z9\"> lernen, lasst uns diesen revolution\u00e4ren Geist in unsere K\u00e4mpfe tragen und zeigen, dass wir nicht bereit sind, uns mit Krieg und Militarisierung abzufinden. Nur durch<\/span><span class=\"author-a-z75zz76z09z87z6olz122zmz73zc7wz74zz81z\"> einen<\/span><span class=\"author-a-hgz76z9az76z8z83zz72zz78ztstz67zz74z9\"> entschlossene<\/span><span class=\"author-a-z75zz76z09z87z6olz122zmz73zc7wz74zz81z\">n Kampf<\/span><span class=\"author-a-hgz76z9az76z8z83zz72zz78ztstz67zz74z9\"> gegen das System, das Krieg und Ausbeutung hervorbringt, k\u00f6nnen wir eine Zukunft schaffen, in der Frieden wirklich<\/span><span class=\"author-a-z75zz76z09z87z6olz122zmz73zc7wz74zz81z\"> m\u00f6glich ist<\/span><span class=\"author-a-hgz76z9az76z8z83zz72zz78ztstz67zz74z9\">. Bij\u00ee Kurdist\u0101n, Bij\u00ee Rojava!\u00a0<\/span><\/div>\n<\/div>\n","protected":false},"excerpt":{"rendered":"<p>Auf der Demonstration am 1. September haben wir zwei Redebeitr\u00e4ge gehalten diese wir hier ver\u00f6ffentlichen wollen. W\u00e4hrend des erstens wurde aus der Demonstration ein Panzer mit roten Fahne symbolisch zerst\u00f6rt. &nbsp; Entschlossen gegen Kriegstreiber: Von der Regierung und in den b\u00fcrgerlichen Medien h\u00f6ren wir oft: Kriege m\u00fcssen unterst\u00fctzt und finanziert werden, um unseren Wohlstand und [&hellip;]<\/p>\n","protected":false},"author":19740,"featured_media":123,"comment_status":"closed","ping_status":"closed","sticky":false,"template":"","format":"standard","meta":{"footnotes":""},"categories":[5],"tags":[],"class_list":["post-122","post","type-post","status-publish","format-standard","has-post-thumbnail","hentry","category-aktionen"],"_links":{"self":[{"href":"https:\/\/antikriegkoeln.noblogs.org\/index.php?rest_route=\/wp\/v2\/posts\/122","targetHints":{"allow":["GET"]}}],"collection":[{"href":"https:\/\/antikriegkoeln.noblogs.org\/index.php?rest_route=\/wp\/v2\/posts"}],"about":[{"href":"https:\/\/antikriegkoeln.noblogs.org\/index.php?rest_route=\/wp\/v2\/types\/post"}],"author":[{"embeddable":true,"href":"https:\/\/antikriegkoeln.noblogs.org\/index.php?rest_route=\/wp\/v2\/users\/19740"}],"replies":[{"embeddable":true,"href":"https:\/\/antikriegkoeln.noblogs.org\/index.php?rest_route=%2Fwp%2Fv2%2Fcomments&post=122"}],"version-history":[{"count":1,"href":"https:\/\/antikriegkoeln.noblogs.org\/index.php?rest_route=\/wp\/v2\/posts\/122\/revisions"}],"predecessor-version":[{"id":124,"href":"https:\/\/antikriegkoeln.noblogs.org\/index.php?rest_route=\/wp\/v2\/posts\/122\/revisions\/124"}],"wp:featuredmedia":[{"embeddable":true,"href":"https:\/\/antikriegkoeln.noblogs.org\/index.php?rest_route=\/wp\/v2\/media\/123"}],"wp:attachment":[{"href":"https:\/\/antikriegkoeln.noblogs.org\/index.php?rest_route=%2Fwp%2Fv2%2Fmedia&parent=122"}],"wp:term":[{"taxonomy":"category","embeddable":true,"href":"https:\/\/antikriegkoeln.noblogs.org\/index.php?rest_route=%2Fwp%2Fv2%2Fcategories&post=122"},{"taxonomy":"post_tag","embeddable":true,"href":"https:\/\/antikriegkoeln.noblogs.org\/index.php?rest_route=%2Fwp%2Fv2%2Ftags&post=122"}],"curies":[{"name":"wp","href":"https:\/\/api.w.org\/{rel}","templated":true}]}}