{"id":12,"date":"2024-02-27T13:57:21","date_gmt":"2024-02-27T12:57:21","guid":{"rendered":"https:\/\/antikriegkoeln.noblogs.org\/?p=12"},"modified":"2024-02-27T14:05:36","modified_gmt":"2024-02-27T13:05:36","slug":"ueber-uns","status":"publish","type":"post","link":"https:\/\/antikriegkoeln.noblogs.org\/?p=12","title":{"rendered":"Was wir wollen"},"content":{"rendered":"<p>Mit dem Ukraine Krieg, der Eskalation und dem Genozid in Gaza, sowie zunehmender Konflikte im Indopazifik hat sich f\u00fcr uns die Notwendigkeit ergeben gegen die deutschen Kriegstreiber, Aufr\u00fcstung aktiv zu werden.<\/p>\n<p>Wir gehen davon aus, dass der Kapitalismus ein krisenhaftes System ist, weshalb es immer wieder zu imperialistischen Kriegen kommt, in denen die Herrschenden Einflussph\u00e4ren, geopolitisch wichtige Standorte und Ressourcen erbeuten.<\/p>\n<p>Dabei spielt Deutschland in fast jedem Konflikt eine bedeutende Rolle und beteiligt sich durch Waffenlieferungen und sogenannte &#8222;Wiederaufbauabkommen&#8220; an Krieg und Ausverkauf. Aber die zunehmenden Kriege werden auch hier in Deutschland genutzt. So werden unter dem Deckmantel der &#8222;Sicherheit&#8220; Milliarden in die Bundeswehr vergeben, w\u00e4hrend im sozialen oder gesundheitlichen Bereich angeblich kein Geld da ist.<\/p>\n<p>Wir haben uns als Aktivist:innen der verschiedensten politischen Bereiche aus dem Linken Zentrum K\u00f6ln zusammengeschlossen, um offensiv und k\u00e4mpferisch gegen die Aufr\u00fcstung und Militarisierung, gegen die Kriege und f\u00fcr internationale Solidarit\u00e4t aktiv zu werden.<\/p>\n<p>Bezugspunkt f\u00fcr Antikriegspositionen und Praxis ist dabei f\u00fcr uns immer die lohnabh\u00e4ngige Klasse. Denn sie ist es, die die Kosten f\u00fcr die Kriege zahlen muss und als Kanonenfutter an der Front verbraucht wird. Aber gleichzeitig ist es die lohnabh\u00e4ngige Klasse, die den Kapitalismus st\u00fcrzen und die Kriege der Herrschenden beenden kann.<\/p>\n<p>Unser Ziel ist es offensive Praxis gegen die deutschen Kriegstreiber in Politik, Wirtschaft und Milit\u00e4r zu entwickeln und mit dem allgemeinen Kampf gegen den Kapitalismus und f\u00fcr eine sozialistische Gesellschaft zu verbinden.<\/p>\n<p>&#8222;Der Kapitalismus tr\u00e4gt den Krieg in sich, wie die Wolke den Regen&#8220; &#8211; Brechen wir ihn!<\/p>\n","protected":false},"excerpt":{"rendered":"<p>Mit dem Ukraine Krieg, der Eskalation und dem Genozid in Gaza, sowie zunehmender Konflikte im Indopazifik hat sich f\u00fcr uns die Notwendigkeit ergeben gegen die deutschen Kriegstreiber, Aufr\u00fcstung aktiv zu werden. Wir gehen davon aus, dass der Kapitalismus ein krisenhaftes System ist, weshalb es immer wieder zu imperialistischen Kriegen kommt, in denen die Herrschenden Einflussph\u00e4ren, [&hellip;]<\/p>\n","protected":false},"author":19740,"featured_media":13,"comment_status":"closed","ping_status":"closed","sticky":false,"template":"","format":"standard","meta":{"footnotes":""},"categories":[1],"tags":[],"class_list":["post-12","post","type-post","status-publish","format-standard","has-post-thumbnail","hentry","category-general"],"_links":{"self":[{"href":"https:\/\/antikriegkoeln.noblogs.org\/index.php?rest_route=\/wp\/v2\/posts\/12","targetHints":{"allow":["GET"]}}],"collection":[{"href":"https:\/\/antikriegkoeln.noblogs.org\/index.php?rest_route=\/wp\/v2\/posts"}],"about":[{"href":"https:\/\/antikriegkoeln.noblogs.org\/index.php?rest_route=\/wp\/v2\/types\/post"}],"author":[{"embeddable":true,"href":"https:\/\/antikriegkoeln.noblogs.org\/index.php?rest_route=\/wp\/v2\/users\/19740"}],"replies":[{"embeddable":true,"href":"https:\/\/antikriegkoeln.noblogs.org\/index.php?rest_route=%2Fwp%2Fv2%2Fcomments&post=12"}],"version-history":[{"count":3,"href":"https:\/\/antikriegkoeln.noblogs.org\/index.php?rest_route=\/wp\/v2\/posts\/12\/revisions"}],"predecessor-version":[{"id":22,"href":"https:\/\/antikriegkoeln.noblogs.org\/index.php?rest_route=\/wp\/v2\/posts\/12\/revisions\/22"}],"wp:featuredmedia":[{"embeddable":true,"href":"https:\/\/antikriegkoeln.noblogs.org\/index.php?rest_route=\/wp\/v2\/media\/13"}],"wp:attachment":[{"href":"https:\/\/antikriegkoeln.noblogs.org\/index.php?rest_route=%2Fwp%2Fv2%2Fmedia&parent=12"}],"wp:term":[{"taxonomy":"category","embeddable":true,"href":"https:\/\/antikriegkoeln.noblogs.org\/index.php?rest_route=%2Fwp%2Fv2%2Fcategories&post=12"},{"taxonomy":"post_tag","embeddable":true,"href":"https:\/\/antikriegkoeln.noblogs.org\/index.php?rest_route=%2Fwp%2Fv2%2Ftags&post=12"}],"curies":[{"name":"wp","href":"https:\/\/api.w.org\/{rel}","templated":true}]}}