{"id":114,"date":"2024-09-03T20:55:00","date_gmt":"2024-09-03T18:55:00","guid":{"rendered":"https:\/\/antikriegkoeln.noblogs.org\/?p=114"},"modified":"2024-09-03T20:57:11","modified_gmt":"2024-09-03T18:57:11","slug":"antikriegstag-in-koeln","status":"publish","type":"post","link":"https:\/\/antikriegkoeln.noblogs.org\/?p=114","title":{"rendered":"Antikriegstag in K\u00f6ln"},"content":{"rendered":"<p>Am 1. September fand in K\u00f6ln eine Demonstration zum Antikriegstag statt. Der 1. September als Datumerinnert an den Tag des \u00dcberfall auf Polen, von Nazi Deutschland. Seitdem kommen an diesem Tag seit nun fast 80 Jahren Menschen zusammen, um f\u00fcr eine friedliche Welt zu protestieren.<\/p>\n<p>Am sp\u00e4ten Nachmittag liefen fast 400 Menschen durch die Stra\u00dfen K\u00f6lns, von denen sich c.a. 150 Menschen in unserem Block, unter dem Motto: ,,International Solidarisch &#8211; Fluchtursachen bek\u00e4mpfen&#8220; einfanden.<\/p>\n<p>Die Stimmung war k\u00e4mpferisch und laut und der Block konnte einen guten Ausdruck auf die Stra\u00dfen tragen.<\/p>\n<p>Durch verschiedene Wortbeitr\u00e4ge und Parolen konnten wir unsere Perspektive unter die Leute bringen. Gemeinsam mit der Demonstration hielten wir dann in der Elsasstra\u00dfe f\u00fcr eine zwischenkundgebung, und h\u00f6rten einen Wortbeitrag der VVN-BDA \u00fcber die K\u00e4mpfe in der Elsasstra\u00dfe.<\/p>\n<p>Gemeinsam mit der Demosntration liefen wir danach, weiterhin laut, den letzten Teil der Route, bis zur Endkundgebung und h\u00f6rten dort noch Wortbeitr\u00e4ge von verschiedensten Organisationen.<\/p>\n<p>&nbsp;<\/p>\n<p>Krieg und Militarisierung k\u00f6nnen wir langfristig nur gemeinsam und organisiert entgegentreten. Kommt zum n\u00e4chsten OTKM am 7. Oktober und werdet aktiv f\u00fcr eine Gesellschaft ohne Kriege.<img loading=\"lazy\" decoding=\"async\" class=\"alignnone size-medium wp-image-115\" src=\"https:\/\/antikriegkoeln.noblogs.org\/files\/2024\/09\/DSC5829-300x200.png\" alt=\"\" width=\"300\" height=\"200\" srcset=\"https:\/\/antikriegkoeln.noblogs.org\/files\/2024\/09\/DSC5829-300x200.png 300w, https:\/\/antikriegkoeln.noblogs.org\/files\/2024\/09\/DSC5829-1024x683.png 1024w, https:\/\/antikriegkoeln.noblogs.org\/files\/2024\/09\/DSC5829-768x512.png 768w, https:\/\/antikriegkoeln.noblogs.org\/files\/2024\/09\/DSC5829-1536x1024.png 1536w, https:\/\/antikriegkoeln.noblogs.org\/files\/2024\/09\/DSC5829-2048x1365.png 2048w, https:\/\/antikriegkoeln.noblogs.org\/files\/2024\/09\/DSC5829-1568x1045.png 1568w\" sizes=\"auto, (max-width: 300px) 100vw, 300px\" \/> <img loading=\"lazy\" decoding=\"async\" class=\"alignnone size-medium wp-image-116\" src=\"https:\/\/antikriegkoeln.noblogs.org\/files\/2024\/09\/DSC5835-300x200.png\" alt=\"\" width=\"300\" height=\"200\" srcset=\"https:\/\/antikriegkoeln.noblogs.org\/files\/2024\/09\/DSC5835-300x200.png 300w, https:\/\/antikriegkoeln.noblogs.org\/files\/2024\/09\/DSC5835-1024x683.png 1024w, https:\/\/antikriegkoeln.noblogs.org\/files\/2024\/09\/DSC5835-768x512.png 768w, https:\/\/antikriegkoeln.noblogs.org\/files\/2024\/09\/DSC5835-1536x1024.png 1536w, https:\/\/antikriegkoeln.noblogs.org\/files\/2024\/09\/DSC5835-2048x1365.png 2048w, https:\/\/antikriegkoeln.noblogs.org\/files\/2024\/09\/DSC5835-1568x1045.png 1568w\" sizes=\"auto, (max-width: 300px) 100vw, 300px\" \/> <img loading=\"lazy\" decoding=\"async\" class=\"alignnone size-medium wp-image-117\" src=\"https:\/\/antikriegkoeln.noblogs.org\/files\/2024\/09\/DSC5843-300x200.png\" alt=\"\" width=\"300\" height=\"200\" srcset=\"https:\/\/antikriegkoeln.noblogs.org\/files\/2024\/09\/DSC5843-300x200.png 300w, https:\/\/antikriegkoeln.noblogs.org\/files\/2024\/09\/DSC5843-1024x683.png 1024w, https:\/\/antikriegkoeln.noblogs.org\/files\/2024\/09\/DSC5843-768x512.png 768w, https:\/\/antikriegkoeln.noblogs.org\/files\/2024\/09\/DSC5843-1536x1024.png 1536w, https:\/\/antikriegkoeln.noblogs.org\/files\/2024\/09\/DSC5843-2048x1365.png 2048w, https:\/\/antikriegkoeln.noblogs.org\/files\/2024\/09\/DSC5843-1568x1045.png 1568w\" sizes=\"auto, (max-width: 300px) 100vw, 300px\" \/> <img loading=\"lazy\" decoding=\"async\" class=\"alignnone size-medium wp-image-118\" src=\"https:\/\/antikriegkoeln.noblogs.org\/files\/2024\/09\/DSC5854-300x200.png\" alt=\"\" width=\"300\" height=\"200\" srcset=\"https:\/\/antikriegkoeln.noblogs.org\/files\/2024\/09\/DSC5854-300x200.png 300w, https:\/\/antikriegkoeln.noblogs.org\/files\/2024\/09\/DSC5854-1024x683.png 1024w, https:\/\/antikriegkoeln.noblogs.org\/files\/2024\/09\/DSC5854-768x512.png 768w, https:\/\/antikriegkoeln.noblogs.org\/files\/2024\/09\/DSC5854-1536x1024.png 1536w, https:\/\/antikriegkoeln.noblogs.org\/files\/2024\/09\/DSC5854-2048x1365.png 2048w, https:\/\/antikriegkoeln.noblogs.org\/files\/2024\/09\/DSC5854-1568x1045.png 1568w\" sizes=\"auto, (max-width: 300px) 100vw, 300px\" \/> <img loading=\"lazy\" decoding=\"async\" class=\"alignnone size-medium wp-image-119\" src=\"https:\/\/antikriegkoeln.noblogs.org\/files\/2024\/09\/DSC5887-300x200.png\" alt=\"\" width=\"300\" height=\"200\" srcset=\"https:\/\/antikriegkoeln.noblogs.org\/files\/2024\/09\/DSC5887-300x200.png 300w, https:\/\/antikriegkoeln.noblogs.org\/files\/2024\/09\/DSC5887-1024x683.png 1024w, https:\/\/antikriegkoeln.noblogs.org\/files\/2024\/09\/DSC5887-768x512.png 768w, https:\/\/antikriegkoeln.noblogs.org\/files\/2024\/09\/DSC5887-1536x1024.png 1536w, https:\/\/antikriegkoeln.noblogs.org\/files\/2024\/09\/DSC5887-2048x1365.png 2048w, https:\/\/antikriegkoeln.noblogs.org\/files\/2024\/09\/DSC5887-1568x1045.png 1568w\" sizes=\"auto, (max-width: 300px) 100vw, 300px\" \/> <img loading=\"lazy\" decoding=\"async\" class=\"alignnone size-medium wp-image-120\" src=\"https:\/\/antikriegkoeln.noblogs.org\/files\/2024\/09\/DSC5904-300x200.png\" alt=\"\" width=\"300\" height=\"200\" srcset=\"https:\/\/antikriegkoeln.noblogs.org\/files\/2024\/09\/DSC5904-300x200.png 300w, https:\/\/antikriegkoeln.noblogs.org\/files\/2024\/09\/DSC5904-1024x683.png 1024w, https:\/\/antikriegkoeln.noblogs.org\/files\/2024\/09\/DSC5904-768x512.png 768w, https:\/\/antikriegkoeln.noblogs.org\/files\/2024\/09\/DSC5904-1536x1024.png 1536w, https:\/\/antikriegkoeln.noblogs.org\/files\/2024\/09\/DSC5904-2048x1365.png 2048w, https:\/\/antikriegkoeln.noblogs.org\/files\/2024\/09\/DSC5904-1568x1045.png 1568w\" sizes=\"auto, (max-width: 300px) 100vw, 300px\" \/><\/p>\n","protected":false},"excerpt":{"rendered":"<p>Am 1. September fand in K\u00f6ln eine Demonstration zum Antikriegstag statt. Der 1. September als Datumerinnert an den Tag des \u00dcberfall auf Polen, von Nazi Deutschland. Seitdem kommen an diesem Tag seit nun fast 80 Jahren Menschen zusammen, um f\u00fcr eine friedliche Welt zu protestieren. Am sp\u00e4ten Nachmittag liefen fast 400 Menschen durch die Stra\u00dfen [&hellip;]<\/p>\n","protected":false},"author":19740,"featured_media":117,"comment_status":"closed","ping_status":"closed","sticky":false,"template":"","format":"standard","meta":{"footnotes":""},"categories":[5],"tags":[],"class_list":["post-114","post","type-post","status-publish","format-standard","has-post-thumbnail","hentry","category-aktionen"],"_links":{"self":[{"href":"https:\/\/antikriegkoeln.noblogs.org\/index.php?rest_route=\/wp\/v2\/posts\/114","targetHints":{"allow":["GET"]}}],"collection":[{"href":"https:\/\/antikriegkoeln.noblogs.org\/index.php?rest_route=\/wp\/v2\/posts"}],"about":[{"href":"https:\/\/antikriegkoeln.noblogs.org\/index.php?rest_route=\/wp\/v2\/types\/post"}],"author":[{"embeddable":true,"href":"https:\/\/antikriegkoeln.noblogs.org\/index.php?rest_route=\/wp\/v2\/users\/19740"}],"replies":[{"embeddable":true,"href":"https:\/\/antikriegkoeln.noblogs.org\/index.php?rest_route=%2Fwp%2Fv2%2Fcomments&post=114"}],"version-history":[{"count":1,"href":"https:\/\/antikriegkoeln.noblogs.org\/index.php?rest_route=\/wp\/v2\/posts\/114\/revisions"}],"predecessor-version":[{"id":121,"href":"https:\/\/antikriegkoeln.noblogs.org\/index.php?rest_route=\/wp\/v2\/posts\/114\/revisions\/121"}],"wp:featuredmedia":[{"embeddable":true,"href":"https:\/\/antikriegkoeln.noblogs.org\/index.php?rest_route=\/wp\/v2\/media\/117"}],"wp:attachment":[{"href":"https:\/\/antikriegkoeln.noblogs.org\/index.php?rest_route=%2Fwp%2Fv2%2Fmedia&parent=114"}],"wp:term":[{"taxonomy":"category","embeddable":true,"href":"https:\/\/antikriegkoeln.noblogs.org\/index.php?rest_route=%2Fwp%2Fv2%2Fcategories&post=114"},{"taxonomy":"post_tag","embeddable":true,"href":"https:\/\/antikriegkoeln.noblogs.org\/index.php?rest_route=%2Fwp%2Fv2%2Ftags&post=114"}],"curies":[{"name":"wp","href":"https:\/\/api.w.org\/{rel}","templated":true}]}}